{"id":797,"date":"2013-02-13T13:14:14","date_gmt":"2013-02-13T12:14:14","guid":{"rendered":"http:\/\/dom-ilok.hr\/?p=797"},"modified":"2018-05-22T13:15:09","modified_gmt":"2018-05-22T11:15:09","slug":"posjeta-djecijeg-vrtica-crvenkapica-ilok","status":"publish","type":"post","link":"https:\/\/dom-ilok.hr\/?p=797","title":{"rendered":"Posjeta dje\u010dijeg vrti\u0107a &#8220;Crvenkapica&#8221; Ilok"},"content":{"rendered":"<p style=\"text-align: justify;\">Dana 11.02.2013.god. na\u0161u ustanovu posjetila su djeca dje\u010dijeg vrti\u0107a Crvenkapica sa svojim odgajateljicama i ravnateljicom . Korisnicima Doma pripredili su pripredbu u kojoj su sudjelovala djeca maskirana u snjegovi\u0107e i cvijetnu livadu.<\/p>\nngg_shortcode_0_placeholder\n","protected":false},"excerpt":{"rendered":"<p>Dana 11.02.2013.god. na\u0161u ustanovu posjetila su djeca dje\u010dijeg vrti\u0107a Crvenkapica sa svojim odgajateljicama i ravnateljicom . Korisnicima Doma pripredili su pripredbu u kojoj su sudjelovala djeca maskirana u snjegovi\u0107e i cvijetnu livadu. &#8221; order_by=&#8221;sortorder&#8221; order_direction=&#8221;ASC&#8221; returns=&#8221;included&#8221; maximum_entity_count=&#8221;500&#8243;]<\/p>\n","protected":false},"author":1,"featured_media":800,"comment_status":"closed","ping_status":"closed","sticky":false,"template":"","format":"standard","meta":{"_monsterinsights_skip_tracking":false,"_monsterinsights_sitenote_active":false,"_monsterinsights_sitenote_note":"","_monsterinsights_sitenote_category":0,"ngg_post_thumbnail":0,"footnotes":""},"categories":[1],"tags":[],"class_list":["post-797","post","type-post","status-publish","format-standard","has-post-thumbnail","hentry","category-aktivnosti","category-1","description-off"],"aioseo_notices":[],"_links":{"self":[{"href":"https:\/\/dom-ilok.hr\/index.php?rest_route=\/wp\/v2\/posts\/797","targetHints":{"allow":["GET"]}}],"collection":[{"href":"https:\/\/dom-ilok.hr\/index.php?rest_route=\/wp\/v2\/posts"}],"about":[{"href":"https:\/\/dom-ilok.hr\/index.php?rest_route=\/wp\/v2\/types\/post"}],"author":[{"embeddable":true,"href":"https:\/\/dom-ilok.hr\/index.php?rest_route=\/wp\/v2\/users\/1"}],"replies":[{"embeddable":true,"href":"https:\/\/dom-ilok.hr\/index.php?rest_route=%2Fwp%2Fv2%2Fcomments&post=797"}],"version-history":[{"count":1,"href":"https:\/\/dom-ilok.hr\/index.php?rest_route=\/wp\/v2\/posts\/797\/revisions"}],"predecessor-version":[{"id":801,"href":"https:\/\/dom-ilok.hr\/index.php?rest_route=\/wp\/v2\/posts\/797\/revisions\/801"}],"wp:featuredmedia":[{"embeddable":true,"href":"https:\/\/dom-ilok.hr\/index.php?rest_route=\/wp\/v2\/media\/800"}],"wp:attachment":[{"href":"https:\/\/dom-ilok.hr\/index.php?rest_route=%2Fwp%2Fv2%2Fmedia&parent=797"}],"wp:term":[{"taxonomy":"category","embeddable":true,"href":"https:\/\/dom-ilok.hr\/index.php?rest_route=%2Fwp%2Fv2%2Fcategories&post=797"},{"taxonomy":"post_tag","embeddable":true,"href":"https:\/\/dom-ilok.hr\/index.php?rest_route=%2Fwp%2Fv2%2Ftags&post=797"}],"curies":[{"name":"wp","href":"https:\/\/api.w.org\/{rel}","templated":true}]}}