{"id":49,"date":"2013-10-01T07:18:23","date_gmt":"2013-10-01T05:18:23","guid":{"rendered":"http:\/\/dom-ilok.hr\/?p=49"},"modified":"2018-05-22T07:53:42","modified_gmt":"2018-05-22T05:53:42","slug":"medunarodni-dan-starijih-osoba","status":"publish","type":"post","link":"https:\/\/dom-ilok.hr\/?p=49","title":{"rendered":"Me\u0111unarodni dan starijih osoba"},"content":{"rendered":"<p style=\"text-align: justify;\">Dana 01.10.2013.god. u 9,30 sati u kuriji Brnjakovi\u0107 , po\u010deo je program povodom obilje\u017eavanja Me\u0111unarodnog dana starijih osoba. Sve pisutne pozdravio je gradona\u010delnik Grada Iloka i starijim osobama \u010destitao njihov dan te naglasio da zajednica treba birnuti o svojim straijim sugra\u0111anima i uklju\u010diti ih u dru\u0161tveni \u017eivot prema njihovim intelektualnim i fizi\u010dkim mogu\u0107nostima. Nakon pozdravnog govora uslijedio je program u kojem su sudjelovali : vrti\u0107 Crvenkapica, djeca O\u0160 Julije Bene\u0161i\u0107, korisnici Doma, dramska grupa srednje \u0161kole Ilok. Svi prisutni pozdravljeni su od strane udruge umirovljenika koja je prezentirala svoje aktivnosti za naredna tri mjeseca i pozvala sve zainteresirane na prvo dru\u017eenje koje \u0107e se odr\u017eati 25.10. u 16,00 sati u prostorijama udruge. Tako\u0111er je Udruga dragovoljaca i veterana Domovinskog rata ogranka Grada Iloka uru\u010dila priznanje Domu za starije i nemo\u0107ne osobe za suradnju i pomo\u0107 u radu udruge na \u010demu je ravnateljica zahvalila te navela da zajedni\u010dkim radom svih institucija i udruga na podru\u010dju Grada Iloka mo\u017eemo doprinjeti boljem \u017eivotu svih sugra\u0111ana. Po zavr\u0161etku programa pater Flavijan je blagoslovio sve prisutne nakon \u010dega je zapo\u010delo dru\u017eenje i mjerenje krvnog tlaka i \u0161e\u0107era u krvi. Orgnaizatori su proveli akciju skupljanja dobrovoljnih priloga za kupnju pe\u0107i na kruto gorivo za Anu \u010cerni iz Iloka te je tom prigodom skupljeno 280,00 kuna te se zahvaljjemo na donaciji.<\/p>\n<p style=\"text-align: justify;\">Organizatori: Grad Ilok-slu\u017eba pomo\u0107i u ku\u0107i, Dom za starije i nemo\u0107ne osobe Ilok, Udruga umirovljenika, kontakt policajci PP Ilok, GDCK Ilok, Udruga Sv. Vinka Paulskog.<\/p>\nngg_shortcode_0_placeholder\n","protected":false},"excerpt":{"rendered":"<p>Dana 01.10.2013.god. u 9,30 sati u kuriji Brnjakovi\u0107 , po\u010deo je program povodom obilje\u017eavanja Me\u0111unarodnog dana starijih osoba. Sve pisutne pozdravio je gradona\u010delnik Grada Iloka i starijim osobama \u010destitao njihov dan te naglasio da zajednica treba birnuti o svojim straijim sugra\u0111anima i uklju\u010diti ih u dru\u0161tveni \u017eivot prema njihovim intelektualnim i fizi\u010dkim mogu\u0107nostima. Nakon pozdravnog&hellip;<\/p>\n","protected":false},"author":1,"featured_media":50,"comment_status":"closed","ping_status":"closed","sticky":false,"template":"","format":"standard","meta":{"_monsterinsights_skip_tracking":false,"_monsterinsights_sitenote_active":false,"_monsterinsights_sitenote_note":"","_monsterinsights_sitenote_category":0,"ngg_post_thumbnail":0,"footnotes":""},"categories":[1],"tags":[],"class_list":["post-49","post","type-post","status-publish","format-standard","has-post-thumbnail","hentry","category-aktivnosti","category-1","description-off"],"aioseo_notices":[],"_links":{"self":[{"href":"https:\/\/dom-ilok.hr\/index.php?rest_route=\/wp\/v2\/posts\/49","targetHints":{"allow":["GET"]}}],"collection":[{"href":"https:\/\/dom-ilok.hr\/index.php?rest_route=\/wp\/v2\/posts"}],"about":[{"href":"https:\/\/dom-ilok.hr\/index.php?rest_route=\/wp\/v2\/types\/post"}],"author":[{"embeddable":true,"href":"https:\/\/dom-ilok.hr\/index.php?rest_route=\/wp\/v2\/users\/1"}],"replies":[{"embeddable":true,"href":"https:\/\/dom-ilok.hr\/index.php?rest_route=%2Fwp%2Fv2%2Fcomments&post=49"}],"version-history":[{"count":2,"href":"https:\/\/dom-ilok.hr\/index.php?rest_route=\/wp\/v2\/posts\/49\/revisions"}],"predecessor-version":[{"id":66,"href":"https:\/\/dom-ilok.hr\/index.php?rest_route=\/wp\/v2\/posts\/49\/revisions\/66"}],"wp:featuredmedia":[{"embeddable":true,"href":"https:\/\/dom-ilok.hr\/index.php?rest_route=\/wp\/v2\/media\/50"}],"wp:attachment":[{"href":"https:\/\/dom-ilok.hr\/index.php?rest_route=%2Fwp%2Fv2%2Fmedia&parent=49"}],"wp:term":[{"taxonomy":"category","embeddable":true,"href":"https:\/\/dom-ilok.hr\/index.php?rest_route=%2Fwp%2Fv2%2Fcategories&post=49"},{"taxonomy":"post_tag","embeddable":true,"href":"https:\/\/dom-ilok.hr\/index.php?rest_route=%2Fwp%2Fv2%2Ftags&post=49"}],"curies":[{"name":"wp","href":"https:\/\/api.w.org\/{rel}","templated":true}]}}