{"id":3884,"date":"2025-09-24T13:59:53","date_gmt":"2025-09-24T11:59:53","guid":{"rendered":"https:\/\/dom-ilok.hr\/?p=3884"},"modified":"2026-04-29T18:12:54","modified_gmt":"2026-04-29T16:12:54","slug":"projekt-pruzanje-podrske-neformalnim-njegovateljima-i-starijim-osobama-susret-zainteresiranih","status":"publish","type":"post","link":"https:\/\/dom-ilok.hr\/?p=3884","title":{"rendered":"Projekt Pru\u017eanje podr\u0161ke neformalnim njegovateljima i starijim osobama &#8211; susret zainteresiranih"},"content":{"rendered":"<p>U sklopu projekta Pru\u017eanje podr\u0161ke neformalnim njegovateljima i starijim osobama kojima neformalni njegovatelji pru\u017eaju dugotrajnu skrb s podru\u010dja grada Iloka, pro\u0161li tjedan odr\u017ean je susret zainteresiranih sa stru\u010dnim radnicama Obiteljskog centra, Podru\u010dne slu\u017ebe Vukovarsko-srijemske.<\/p>\n<p>Ovaj program pru\u017ea edukaciju, savjetovanje i grupe podr\u0161ke neformalnim njegovateljima te osna\u017euju starije osobe koje primaju skrb.<\/p>\n<p>&nbsp;<\/p>\n","protected":false},"excerpt":{"rendered":"<p>U sklopu projekta Pru\u017eanje podr\u0161ke neformalnim njegovateljima i starijim osobama kojima neformalni njegovatelji pru\u017eaju dugotrajnu skrb s podru\u010dja grada Iloka, pro\u0161li tjedan odr\u017ean je susret zainteresiranih sa stru\u010dnim radnicama Obiteljskog centra, Podru\u010dne slu\u017ebe Vukovarsko-srijemske. Ovaj program pru\u017ea edukaciju, savjetovanje i grupe podr\u0161ke neformalnim njegovateljima te osna\u017euju starije osobe koje primaju skrb. &nbsp;<\/p>\n","protected":false},"author":1,"featured_media":3886,"comment_status":"closed","ping_status":"closed","sticky":false,"template":"","format":"standard","meta":{"_monsterinsights_skip_tracking":false,"_monsterinsights_sitenote_active":false,"_monsterinsights_sitenote_note":"","_monsterinsights_sitenote_category":0,"ngg_post_thumbnail":0,"footnotes":""},"categories":[20],"tags":[],"class_list":["post-3884","post","type-post","status-publish","format-standard","has-post-thumbnail","hentry","category-neformalni-njegovatelji-prva-godina","category-20","description-off"],"aioseo_notices":[],"_links":{"self":[{"href":"https:\/\/dom-ilok.hr\/index.php?rest_route=\/wp\/v2\/posts\/3884","targetHints":{"allow":["GET"]}}],"collection":[{"href":"https:\/\/dom-ilok.hr\/index.php?rest_route=\/wp\/v2\/posts"}],"about":[{"href":"https:\/\/dom-ilok.hr\/index.php?rest_route=\/wp\/v2\/types\/post"}],"author":[{"embeddable":true,"href":"https:\/\/dom-ilok.hr\/index.php?rest_route=\/wp\/v2\/users\/1"}],"replies":[{"embeddable":true,"href":"https:\/\/dom-ilok.hr\/index.php?rest_route=%2Fwp%2Fv2%2Fcomments&post=3884"}],"version-history":[{"count":2,"href":"https:\/\/dom-ilok.hr\/index.php?rest_route=\/wp\/v2\/posts\/3884\/revisions"}],"predecessor-version":[{"id":3888,"href":"https:\/\/dom-ilok.hr\/index.php?rest_route=\/wp\/v2\/posts\/3884\/revisions\/3888"}],"wp:featuredmedia":[{"embeddable":true,"href":"https:\/\/dom-ilok.hr\/index.php?rest_route=\/wp\/v2\/media\/3886"}],"wp:attachment":[{"href":"https:\/\/dom-ilok.hr\/index.php?rest_route=%2Fwp%2Fv2%2Fmedia&parent=3884"}],"wp:term":[{"taxonomy":"category","embeddable":true,"href":"https:\/\/dom-ilok.hr\/index.php?rest_route=%2Fwp%2Fv2%2Fcategories&post=3884"},{"taxonomy":"post_tag","embeddable":true,"href":"https:\/\/dom-ilok.hr\/index.php?rest_route=%2Fwp%2Fv2%2Ftags&post=3884"}],"curies":[{"name":"wp","href":"https:\/\/api.w.org\/{rel}","templated":true}]}}