{"id":3819,"date":"2025-07-01T14:21:57","date_gmt":"2025-07-01T12:21:57","guid":{"rendered":"https:\/\/dom-ilok.hr\/?p=3819"},"modified":"2025-07-01T14:22:45","modified_gmt":"2025-07-01T12:22:45","slug":"vanjski-strucnjak-fizioterapeut-projekt-soccsre","status":"publish","type":"post","link":"https:\/\/dom-ilok.hr\/?p=3819","title":{"rendered":"Vanjski stru\u010dnjak \u2013 fizioterapeut &#8211; Projekt SocCare"},"content":{"rendered":"<p style=\"font-weight: 400;\"><img loading=\"lazy\" decoding=\"async\" class=\"alignnone size-full wp-image-3820\" src=\"https:\/\/dom-ilok.hr\/wp-content\/uploads\/2025\/07\/logo-SocCare.jpg\" alt=\"Projekt SocCare\" width=\"648\" height=\"292\" srcset=\"https:\/\/dom-ilok.hr\/wp-content\/uploads\/2025\/07\/logo-SocCare.jpg 648w, https:\/\/dom-ilok.hr\/wp-content\/uploads\/2025\/07\/logo-SocCare-300x135.jpg 300w\" sizes=\"auto, (max-width: 648px) 100vw, 648px\" \/><\/p>\n<p style=\"font-weight: 400;\">PROJEKT SOCCARE<\/p>\n<p style=\"font-weight: 400;\">Dom za starije i nemo\u0107ne osobe Ilok objavio je na elektroni\u010dkom oglasniku javne nabave postupak nabave&nbsp; br. 21\/25 Vanjski stru\u010dnjak \u2013 fizioterapeut koji \u0107e biti anga\u017eiran na projektu SocCare, financiranog sredstvima Europske unije kroz program Interreg IPA Hrvatska-Srbija 2021.-2027.<\/p>\n<p style=\"font-weight: 400;\">U sklopu projektne aktivnosti pru\u017eanja socijalnih usluga u dnevnog boravka Doma za starije i nemo\u0107ne osobe Ilok&nbsp; predvi\u0111eno je pru\u017eanje fizikalne terapije korisnicima projekta. Javite se na gore navedeni natje\u010daj objavljen na EOJN ukoliko ste zainteresirani za pru\u017eanje usluge vanjskog stru\u010dnjaka- fizioterapeuta.<\/p>\n<p style=\"font-weight: 400;\">DOM ZA STARIJE I NEMO\u0106NE OSOBE ILOK, 032\/592-703<\/p>\n","protected":false},"excerpt":{"rendered":"<p>PROJEKT SOCCARE Dom za starije i nemo\u0107ne osobe Ilok objavio je na elektroni\u010dkom oglasniku javne nabave postupak nabave&nbsp; br. 21\/25 Vanjski stru\u010dnjak \u2013 fizioterapeut koji \u0107e biti anga\u017eiran na projektu SocCare, financiranog sredstvima Europske unije kroz program Interreg IPA Hrvatska-Srbija 2021.-2027. U sklopu projektne aktivnosti pru\u017eanja socijalnih usluga u dnevnog boravka Doma za starije i&hellip;<\/p>\n","protected":false},"author":1,"featured_media":0,"comment_status":"closed","ping_status":"closed","sticky":false,"template":"","format":"standard","meta":{"_monsterinsights_skip_tracking":false,"_monsterinsights_sitenote_active":false,"_monsterinsights_sitenote_note":"","_monsterinsights_sitenote_category":0,"ngg_post_thumbnail":0,"footnotes":""},"categories":[3],"tags":[],"class_list":["post-3819","post","type-post","status-publish","format-standard","hentry","category-natjecaji","category-3","description-off"],"aioseo_notices":[],"_links":{"self":[{"href":"https:\/\/dom-ilok.hr\/index.php?rest_route=\/wp\/v2\/posts\/3819","targetHints":{"allow":["GET"]}}],"collection":[{"href":"https:\/\/dom-ilok.hr\/index.php?rest_route=\/wp\/v2\/posts"}],"about":[{"href":"https:\/\/dom-ilok.hr\/index.php?rest_route=\/wp\/v2\/types\/post"}],"author":[{"embeddable":true,"href":"https:\/\/dom-ilok.hr\/index.php?rest_route=\/wp\/v2\/users\/1"}],"replies":[{"embeddable":true,"href":"https:\/\/dom-ilok.hr\/index.php?rest_route=%2Fwp%2Fv2%2Fcomments&post=3819"}],"version-history":[{"count":2,"href":"https:\/\/dom-ilok.hr\/index.php?rest_route=\/wp\/v2\/posts\/3819\/revisions"}],"predecessor-version":[{"id":3822,"href":"https:\/\/dom-ilok.hr\/index.php?rest_route=\/wp\/v2\/posts\/3819\/revisions\/3822"}],"wp:attachment":[{"href":"https:\/\/dom-ilok.hr\/index.php?rest_route=%2Fwp%2Fv2%2Fmedia&parent=3819"}],"wp:term":[{"taxonomy":"category","embeddable":true,"href":"https:\/\/dom-ilok.hr\/index.php?rest_route=%2Fwp%2Fv2%2Fcategories&post=3819"},{"taxonomy":"post_tag","embeddable":true,"href":"https:\/\/dom-ilok.hr\/index.php?rest_route=%2Fwp%2Fv2%2Ftags&post=3819"}],"curies":[{"name":"wp","href":"https:\/\/api.w.org\/{rel}","templated":true}]}}