{"id":3465,"date":"2024-06-27T08:52:56","date_gmt":"2024-06-27T06:52:56","guid":{"rendered":"https:\/\/dom-ilok.hr\/?p=3465"},"modified":"2024-06-27T08:52:56","modified_gmt":"2024-06-27T06:52:56","slug":"natjecaj-pomocni-radnik-u-kuhinji","status":"publish","type":"post","link":"https:\/\/dom-ilok.hr\/?p=3465","title":{"rendered":"Natje\u010daj &#8211; pomo\u0107ni radnik u kuhinji"},"content":{"rendered":"<p>Na temelju suglasnosti Vukovarsko-srijemske \u017eupanije od&nbsp; 22.05.2023.g., \u010dlanka 33. Statuta Doma za starije i nemo\u0107ne osobe Ilok i Pravilnika o unutarnjem ustroju i sistematizaciji poslova Doma, ravnateljica Doma za starije i nemo\u0107ne osobe Ilok sa sjedi\u0161tem u Iloku, Sofija 2, raspisuje<\/p>\n<p>&nbsp;<\/p>\n<p style=\"text-align: center;\"><strong>JAVNI&nbsp; OGLAS<\/strong><\/p>\n<p style=\"text-align: center;\"><strong>ZA RADNO MJESTO POMO\u0106NI RADNIK U KUHINJI <\/strong><\/p>\n<p style=\"text-align: center;\"><strong>NA ODRE\u0110ENO PUNO RADNO VRIJEME<\/strong><\/p>\n<p style=\"text-align: center;\"><strong>&nbsp;<\/strong><strong>1&nbsp; IZVR\u0160ITELJ\/-ICA<\/strong><\/p>\n<p><strong>&nbsp;<\/strong><\/p>\n<p><strong>&nbsp;<\/strong><\/p>\n<p><strong>&nbsp;<\/strong><strong>Radno mjesto: pomo\u0107ni radnik u kuhinji<\/strong><\/p>\n<p>Broj tra\u017eenih radnika: 1<\/p>\n<p>Vrsta zaposlenja: radni odnos na odre\u0111eno radno vrijeme u trajanju od 24 mjeseca<\/p>\n<p>Mjesto rada : Dom za starije i nemo\u0107ne osobe Ilok<\/p>\n<p>Radno vrijeme: puno radno vrijeme<\/p>\n<p>Predvi\u0111ena pla\u0107a: &#8211;<\/p>\n<p>Prijevoz: osiguran prijevoz<\/p>\n<p><strong><span style=\"text-decoration: line-through;\">&nbsp;<\/span><\/strong><\/p>\n<p><strong>Opis poslova:<\/strong><\/p>\n<p>&#8211; poma\u017ee u pripremi hrane i kuha zajedno s&nbsp; kuharom<\/p>\n<p>&#8211; \u010disti povr\u0107e i ostale namirnice<\/p>\n<p>&#8211; obavlja poslove serviranja hrane korisnicima u blagovaonici<\/p>\n<p>&#8211; obavlja i druge poslove po rasporedu rada u kuhinji<\/p>\n<p>&#8211; obavlja sve druge poslove koje mu povjeri voditelj odjela i ravnatelj<\/p>\n<p><strong>&nbsp;<\/strong><\/p>\n<p><strong>&nbsp;Kandidati\/ kinje moraju ispunjavati op\u0107e uvjete:<\/strong><\/p>\n<p>&#8211; zavr\u0161eno obrazovanje&nbsp; za pomo\u0107nog kuhara i slasti\u010dara i uvjete za kori\u0161tenje mjere Hrvatskog Zavoda za zapo\u0161ljavanje&nbsp; za zapo\u0161ljavanje osoba s invaliditetom.<\/p>\n<p>&nbsp;<\/p>\n<p><strong>Za prijavu na oglas potrebno je predati:<\/strong><\/p>\n<p>&#8211; vlastoru\u010dno potpisan \u017eivotopis uz obveznu naznaku kontakt broja<\/p>\n<p>&#8211;&nbsp; rodni list<\/p>\n<p>&#8211;&nbsp; obostranu presliku osobne iskaznice<\/p>\n<p>&#8211;&nbsp; dokaz o radnom sta\u017eu \u2013 elektroni\u010dki&nbsp; zapis HZMO&nbsp; ili potvrdu o podacima evidentiranim u mati\u010dnoj evidenciji Hrvatskog Zavoda za mirovinsko osiguranje<\/p>\n<p>&nbsp;<\/p>\n<p>Oglas \u0107e se objaviti na web stranici Hrvatskog Zavoda za zapo\u0161ljavanje&nbsp;<span style=\"text-decoration: underline; color: #3366ff;\"><em><a style=\"color: #3366ff; text-decoration: underline;\" href=\"http:\/\/www.hzz.hr\/\">www.hzz.hr<\/a><\/em><\/span> i Doma za starije i nemo\u0107ne osobe Ilok <span style=\"text-decoration: underline; color: #3366ff;\"><em><a style=\"color: #3366ff; text-decoration: underline;\" href=\"http:\/\/www.dom-ilok.hr\/\">www.dom-ilok.hr<\/a><\/em><\/span><u> .<\/u><\/p>\n<p><u>U radni odnos ne mo\u017ee biti primljena osoba za \u010diji prijem postoje zapreke iz odredbe \u010dl. 261. Zakona o socijalnoj skrbi (NN 18\/22., 46\/22., 119\/22, 71\/23, 156\/23).<\/u><\/p>\n<p>Na oglas se mogu prijaviti osobe oba spola.<\/p>\n<p>Kandidatom prijavljenim na oglas smatra se osoba koja podnese pravovremenu i urednu prijavu te ispunjava formalne uvjete iz oglasa .<\/p>\n<p>Prijava na oglas s dokazima o ispunjavanju uvjeta iz oglasa&nbsp; podnosi se u zatvorenoj omotnici osobnim dolaskom ili po\u0161tom u roku&nbsp;<strong>8 dana<\/strong>&nbsp;od objave ovog oglasa na stranicama Hrvatskog Zavoda za zapo\u0161ljavanje na adresu: Dom za starije i nemo\u0107ne osobe Ilok, Sofija 2, 32236 Ilok uz naznaku<\/p>\n<p>&nbsp;&#8211; &#8220;Oglas za radno mjesto _ _ _ _ _ _ _ (navesti radno mjesto) &#8211; ne otvaraj&#8221;<\/p>\n<p>Nepotpune i nepravodobne prijave ne\u0107e se razmatrati. Potpunom prijavom smatra se ona koja sadr\u017eava sve podatke i priloge navedene u oglasu.<\/p>\n<p>Osobe koje prema posebnim propisima ostvaruju pravo prednosti moraju se u prijavi pozvati na to pravo, odnosno uz prijavu prilo\u017eiti svu propisanu dokumentaciju prema posebnom zakonu.<\/p>\n<p>Kandidat koji se poziva na pravo prednosti prilikom zapo\u0161ljavanja u skladu s \u010dlankom 102. Zakona o hrvatskim braniteljima iz Domovinskoga rata i \u010dlanovima njihovih obitelji (NN 121\/17., 98\/19. i 84\/21.), uz prijavu na javni oglas du\u017ean je prilo\u017eiti, pored dokaza o ispunjavanju tra\u017eenih uvjeta i sve potrebne dokaze dostupne na poveznici Ministarstva hrvatskih branitelja:&nbsp;<\/p>\n<p><span style=\"text-decoration: underline; color: #3366ff;\"><em><a style=\"color: #3366ff; text-decoration: underline;\" href=\"https:\/\/branitelji.gov.hr\/zaposljavanje-843\/843\">https:\/\/branitelji.gov.hr\/zaposljavanje-843\/843<\/a><\/em><\/span>.<\/p>\n<p>Kandidat koji se poziva na pravo prednosti pri zapo\u0161ljavanju u skladu s \u010dlankom 48.f Zakona o za\u0161titi vojnih i civilnih invalida rata (NN 33\/92.,57\/92., 77\/92., 27\/93., 58\/93., 02\/94.,76\/94.,108\/95.,108\/96., 82\/01.,103\/03.,148\/13. i 98\/19.), uz prijavu na javni oglas, du\u017ean je pored dokaza o ispunjavanju tra\u017eenih uvjeta, u prijavi na javni oglas pozvati se na to pravo i prilo\u017eiti odgovaraju\u0107e isprave kao dokaz o statusu, kao i druge dokaze sukladno posebnom zakonu kojim je ure\u0111eno to pravo.<\/p>\n<p>Kandidat koji se poziva na pravo prednosti pri zapo\u0161ljavanju u skladu s \u010dlankom 9. Zakona o profesionalnoj rehabilitaciji i zapo\u0161ljavanju osoba s invaliditetom (NN 157\/13., 152\/14., 39\/18. i 32\/20.) uz prijavu na&nbsp; javni oglas du\u017ean je, pored dokaza o ispunjavanju tra\u017eenih uvjeta, prilo\u017eiti i dokaz o utvr\u0111enom statusu osobe s invaliditetom.<\/p>\n<p>Kandidati koji ispunjavaju formalne uvjete oglasa biti \u0107e pozvani na razgovor o \u010dijem \u0107e terminu biti obavije\u0161teni putem web stranice Doma za starije i nemo\u0107ne osobe Ilok (<span style=\"text-decoration: underline; color: #3366ff;\"><em><a style=\"color: #3366ff; text-decoration: underline;\" href=\"http:\/\/www.dom-ilok.hr\/\">www.dom-ilok.hr<\/a><\/em><\/span>).<\/p>\n<p>Nakon provedenih intervjua (razgovora), povjerenstvo za provedbu postupka za prijam u radni odnos utvr\u0111uje rang listu kandidata\/kinja.<\/p>\n<p>Kandidati\/kinje koji ne pristupe razgovoru smatrati \u0107e se da su povukli prijavu.<\/p>\n<p>Na web stranici Doma za starije i nemo\u0107ne osobe Ilok (<span style=\"text-decoration: underline; color: #3366ff;\"><em><a style=\"color: #3366ff; text-decoration: underline;\" href=\"http:\/\/www.dom-ilok.hr\/\">www.dom-ilok.hr<\/a><\/em><\/span>) biti \u0107e objavljena Odluka o odabiru&nbsp; kandidata\/kandidatkinja s kojim \u0107e se sklopiti Ugovor o radu na odre\u0111eno vrijeme.<\/p>\n<p>Dom za starije i nemo\u0107ne osobe Ilok pridr\u017eava pravo poni\u0161tenja oglasa, odnosno pravo ne odabrati nijednog kandidata bez obrazlo\u017eenja svoje odluke i bez ikakve odgovornosti prema kandidatima.<\/p>\n<p>Podno\u0161enjem prijave na oglas kandidat je izri\u010dito suglasan da Dom za starije i nemo\u0107ne osobe Ilok kao voditelj obrade podataka mo\u017ee prikupljati, koristiti i dalje obra\u0111ivati njegove osobne podatke u svrhu provedbe oglasa sukladno propisima koji ure\u0111uju za\u0161titu osobnih podataka.<\/p>\n<p>URBROJ: 2196-104-24-01-1365<\/p>\n<p>Ilok, 26.06.2024.&nbsp;&nbsp;&nbsp;&nbsp;&nbsp;<\/p>\n<p style=\"text-align: right;\">Ravnateljica&nbsp;<br \/>\nDoma za starije i nemo\u0107ne osobe Ilok<br \/>\nDarija Nikoli\u0107, mag.soc.rada<\/p>\n<p><strong>&nbsp;<\/strong><\/p>\n<p><strong>&nbsp;<\/strong><\/p>\n<p><strong>&nbsp;<\/strong><\/p>\n<p><strong>&nbsp;<\/strong><\/p>\n<p>&nbsp;<\/p>\n","protected":false},"excerpt":{"rendered":"<p>Na temelju suglasnosti Vukovarsko-srijemske \u017eupanije od&nbsp; 22.05.2023.g., \u010dlanka 33. Statuta Doma za starije i nemo\u0107ne osobe Ilok i Pravilnika o unutarnjem ustroju i sistematizaciji poslova Doma, ravnateljica Doma za starije i nemo\u0107ne osobe Ilok sa sjedi\u0161tem u Iloku, Sofija 2, raspisuje &nbsp; JAVNI&nbsp; OGLAS ZA RADNO MJESTO POMO\u0106NI RADNIK U KUHINJI NA ODRE\u0110ENO PUNO RADNO&hellip;<\/p>\n","protected":false},"author":1,"featured_media":0,"comment_status":"closed","ping_status":"closed","sticky":false,"template":"","format":"standard","meta":{"_monsterinsights_skip_tracking":false,"_monsterinsights_sitenote_active":false,"_monsterinsights_sitenote_note":"","_monsterinsights_sitenote_category":0,"ngg_post_thumbnail":0,"footnotes":""},"categories":[3],"tags":[],"class_list":["post-3465","post","type-post","status-publish","format-standard","hentry","category-natjecaji","category-3","description-off"],"aioseo_notices":[],"_links":{"self":[{"href":"https:\/\/dom-ilok.hr\/index.php?rest_route=\/wp\/v2\/posts\/3465","targetHints":{"allow":["GET"]}}],"collection":[{"href":"https:\/\/dom-ilok.hr\/index.php?rest_route=\/wp\/v2\/posts"}],"about":[{"href":"https:\/\/dom-ilok.hr\/index.php?rest_route=\/wp\/v2\/types\/post"}],"author":[{"embeddable":true,"href":"https:\/\/dom-ilok.hr\/index.php?rest_route=\/wp\/v2\/users\/1"}],"replies":[{"embeddable":true,"href":"https:\/\/dom-ilok.hr\/index.php?rest_route=%2Fwp%2Fv2%2Fcomments&post=3465"}],"version-history":[{"count":1,"href":"https:\/\/dom-ilok.hr\/index.php?rest_route=\/wp\/v2\/posts\/3465\/revisions"}],"predecessor-version":[{"id":3466,"href":"https:\/\/dom-ilok.hr\/index.php?rest_route=\/wp\/v2\/posts\/3465\/revisions\/3466"}],"wp:attachment":[{"href":"https:\/\/dom-ilok.hr\/index.php?rest_route=%2Fwp%2Fv2%2Fmedia&parent=3465"}],"wp:term":[{"taxonomy":"category","embeddable":true,"href":"https:\/\/dom-ilok.hr\/index.php?rest_route=%2Fwp%2Fv2%2Fcategories&post=3465"},{"taxonomy":"post_tag","embeddable":true,"href":"https:\/\/dom-ilok.hr\/index.php?rest_route=%2Fwp%2Fv2%2Ftags&post=3465"}],"curies":[{"name":"wp","href":"https:\/\/api.w.org\/{rel}","templated":true}]}}