{"id":3451,"date":"2024-05-31T09:36:55","date_gmt":"2024-05-31T07:36:55","guid":{"rendered":"https:\/\/dom-ilok.hr\/?p=3451"},"modified":"2026-04-26T15:16:55","modified_gmt":"2026-04-26T13:16:55","slug":"projekt-zazeli-ostvari-ii-prva-podjela-paketa","status":"publish","type":"post","link":"https:\/\/dom-ilok.hr\/?p=3451","title":{"rendered":"PROJEKT ZA\u017dELI-OSTVARI II \u2013 PRVA PODJELA PAKETA"},"content":{"rendered":"<p>Zaposleni pru\u017eatelji usluga su uz pomo\u0107 partnera u projektu, odnosno ravnatelja Gradskog dru\u0161tva Crvenog kri\u017ea Ilok podijelili prve pakete ku\u0107anskih i osnovnih higijenskih potrep\u0161tina korisnicima projekta Za\u017eeli-ostvari II za mjesec svibanj.<\/p>\n<p>Projektom \u0107e 30 pru\u017eatelja usluga za najmanje 180 pripadnika ciljne skupine odnosno osobama starosti 65 godina ili vi\u0161e te odraslim osobama sa invaliditetom 3. ili 4. stupnja kroz 33 mjeseca pru\u017eati usluge organiziranja prehrane, obavljanja ku\u0107anskih poslova, odr\u017eavanja osobne higijene te zadovoljavanja drugih svakodnevnih potreba uz mjese\u010dnu podjelu paketa ku\u0107anskih i osnovnih higijenskih potrep\u0161tina.<\/p>\n<p>Projekt Za\u017eeli-ostvari II je sufinanciran sredstvima Europske unije iz Europskog socijalnog fonda plus.<\/p>\n<p>ngg_shortcode_0_placeholder<img loading=\"lazy\" decoding=\"async\" class=\"alignnone size-full wp-image-3452\" src=\"https:\/\/dom-ilok.hr\/wp-content\/uploads\/2024\/05\/eufond.jpg\" alt=\"EU fondovi\" width=\"800\" height=\"150\" srcset=\"https:\/\/dom-ilok.hr\/wp-content\/uploads\/2024\/05\/eufond.jpg 800w, https:\/\/dom-ilok.hr\/wp-content\/uploads\/2024\/05\/eufond-300x56.jpg 300w, https:\/\/dom-ilok.hr\/wp-content\/uploads\/2024\/05\/eufond-768x144.jpg 768w\" sizes=\"auto, (max-width: 800px) 100vw, 800px\" \/><\/p>\n","protected":false},"excerpt":{"rendered":"<p>Zaposleni pru\u017eatelji usluga su uz pomo\u0107 partnera u projektu, odnosno ravnatelja Gradskog dru\u0161tva Crvenog kri\u017ea Ilok podijelili prve pakete ku\u0107anskih i osnovnih higijenskih potrep\u0161tina korisnicima projekta Za\u017eeli-ostvari II za mjesec svibanj. Projektom \u0107e 30 pru\u017eatelja usluga za najmanje 180 pripadnika ciljne skupine odnosno osobama starosti 65 godina ili vi\u0161e te odraslim osobama sa invaliditetom 3.&hellip;<\/p>\n","protected":false},"author":1,"featured_media":3459,"comment_status":"closed","ping_status":"closed","sticky":false,"template":"","format":"standard","meta":{"_monsterinsights_skip_tracking":false,"_monsterinsights_sitenote_active":false,"_monsterinsights_sitenote_note":"","_monsterinsights_sitenote_category":0,"ngg_post_thumbnail":0,"footnotes":""},"categories":[1,17,4],"tags":[],"class_list":["post-3451","post","type-post","status-publish","format-standard","has-post-thumbnail","hentry","category-aktivnosti","category-projekt-zazeli-ostvari-ii-aktivnosti","category-projekti","category-1","category-17","category-4","description-off"],"aioseo_notices":[],"_links":{"self":[{"href":"https:\/\/dom-ilok.hr\/index.php?rest_route=\/wp\/v2\/posts\/3451","targetHints":{"allow":["GET"]}}],"collection":[{"href":"https:\/\/dom-ilok.hr\/index.php?rest_route=\/wp\/v2\/posts"}],"about":[{"href":"https:\/\/dom-ilok.hr\/index.php?rest_route=\/wp\/v2\/types\/post"}],"author":[{"embeddable":true,"href":"https:\/\/dom-ilok.hr\/index.php?rest_route=\/wp\/v2\/users\/1"}],"replies":[{"embeddable":true,"href":"https:\/\/dom-ilok.hr\/index.php?rest_route=%2Fwp%2Fv2%2Fcomments&post=3451"}],"version-history":[{"count":1,"href":"https:\/\/dom-ilok.hr\/index.php?rest_route=\/wp\/v2\/posts\/3451\/revisions"}],"predecessor-version":[{"id":3458,"href":"https:\/\/dom-ilok.hr\/index.php?rest_route=\/wp\/v2\/posts\/3451\/revisions\/3458"}],"wp:featuredmedia":[{"embeddable":true,"href":"https:\/\/dom-ilok.hr\/index.php?rest_route=\/wp\/v2\/media\/3459"}],"wp:attachment":[{"href":"https:\/\/dom-ilok.hr\/index.php?rest_route=%2Fwp%2Fv2%2Fmedia&parent=3451"}],"wp:term":[{"taxonomy":"category","embeddable":true,"href":"https:\/\/dom-ilok.hr\/index.php?rest_route=%2Fwp%2Fv2%2Fcategories&post=3451"},{"taxonomy":"post_tag","embeddable":true,"href":"https:\/\/dom-ilok.hr\/index.php?rest_route=%2Fwp%2Fv2%2Ftags&post=3451"}],"curies":[{"name":"wp","href":"https:\/\/api.w.org\/{rel}","templated":true}]}}