{"id":3439,"date":"2024-05-13T17:11:10","date_gmt":"2024-05-13T15:11:10","guid":{"rendered":"https:\/\/dom-ilok.hr\/?p=3439"},"modified":"2024-05-13T17:12:07","modified_gmt":"2024-05-13T15:12:07","slug":"natjecaj-njegovatelj-ica-2-izvrsitelja-ice","status":"publish","type":"post","link":"https:\/\/dom-ilok.hr\/?p=3439","title":{"rendered":"Natje\u010daj &#8211; njegovatelj\/ica &#8211; 2 izvr\u0161itelja\/ice"},"content":{"rendered":"<p style=\"text-align: left;\">Na temelju suglasnosti Vukovarsko-srijemske \u017eupanije od 06.05.2024.g., \u010dlanka 33. Statuta Doma za starije i nemo\u0107ne osobe Ilok i Pravilnika o unutarnjem ustroju i sistematizaciji poslova Doma, ravnateljica Doma za starije i nemo\u0107ne osobe Ilok sa sjedi\u0161tem u Iloku, Sofija 2, raspisuje<\/p>\n<p style=\"text-align: center;\"><strong>JAVNI OGLAS<\/strong><br \/>\n<strong>ZA RADNO MJESTO NJEGOVATELJ\/ICA NA ODRE\u0110ENO PUNO <\/strong><br \/>\n<strong>RADNO VRIJEME<\/strong><\/p>\n<p style=\"text-align: center;\"><strong>2 IZVR\u0160ITELJ\/-ICA<\/strong><\/p>\n<p style=\"text-align: left;\">&nbsp;<\/p>\n<p style=\"text-align: left;\"><strong>Radno mjesto: njegovatelj\/ica<\/strong><\/p>\n<p style=\"text-align: left;\">Broj tra\u017eenih radnika: 2<br \/>\nVrsta zaposlenja: radni odnos na odre\u0111eno vrijeme u trajanju od 12 mjeseci<br \/>\nMjesto rada : Dom za starije i nemo\u0107ne osobe Ilok<br \/>\nRadno vrijeme: puno radno vrijeme<br \/>\nPredvi\u0111ena pla\u0107a: &#8211;<br \/>\nPrijevoz: osiguran prijevoz<\/p>\n<p style=\"text-align: left;\"><strong>Opis poslova:<\/strong><\/p>\n<ul>\n<li style=\"text-align: left;\">sudjeluje u smje\u0161taju korisnika na Odjele<\/li>\n<li style=\"text-align: left;\">sudjeluje u prijemu korisnika<\/li>\n<li style=\"text-align: left;\">sudjeluje u podjeli obroka, hranjenju korisnika<\/li>\n<li style=\"text-align: left;\">provodi op\u0107u njegu i osobnu higijenu korisnika<\/li>\n<li style=\"text-align: left;\">pomo\u0107 kod odlaska u toalet i\/ili kori\u0161tenja toaletnih kolica za fizi\u010dki slabe i nesigurne korisnike<\/li>\n<li style=\"text-align: left;\">provodi postupke prevencije posljedica dugotrajnog le\u017eanja koriste\u0107i pomagala i promjenu polo\u017eaja u krevetu nepokretnom korisniku pravilnim postupcima -prevenira padove i incidentna stanja kod korisnika<\/li>\n<li style=\"text-align: left;\">sudjeluje u vo\u017enji i pratnji korisnika u zdravstvene ustanove<\/li>\n<li style=\"text-align: left;\">brine o higijeni prostora, okru\u017eenja korisnika i opreme<\/li>\n<\/ul>\n<p style=\"text-align: left;\">Kandidati\/ kinje moraju ispunjavati op\u0107e uvjete:<\/p>\n<ul>\n<li style=\"text-align: left;\">PKV, O\u0160, zavr\u0161eno osposobljavanje za njegovatelja\/icu i uvjete za kori\u0161tenje mjere Hrvatskog Zavoda za zapo\u0161ljavanje Posao+ : nezaposlena osoba korisnik zajam\u010dene minimalne naknade ili nezaposlena osoba bez srednjo\u0161kolske kvalifikacije ili dugotrajno nezaposlena osoba koja je u evidenciji nezaposlenih du\u017ee od 12 mjeseci<\/li>\n<\/ul>\n<p style=\"text-align: left;\">Za prijavu na oglas potrebno je predati:<\/p>\n<ul>\n<li style=\"text-align: left;\">vlastoru\u010dno potpisan \u017eivotopis uz obveznu naznaku kontakt broja<\/li>\n<li style=\"text-align: left;\">rodni list<\/li>\n<li style=\"text-align: left;\">obostranu presliku osobne iskaznice<\/li>\n<li style=\"text-align: left;\">preslika dokaza o izobrazbi za njegovatelja<\/li>\n<li style=\"text-align: left;\">dokaz o radnom sta\u017eu \u2013 elektroni\u010dki zapis HZMO ili potvrdu o podacima evidentiranim u mati\u010dnoj evidenciji Hrvatskog Zavoda za mirovinsko osiguranje<\/li>\n<\/ul>\n<p style=\"text-align: left;\">Oglas \u0107e se objaviti na web stranici Hrvatskog Zavoda za zapo\u0161ljavanje www.hzz.hr i Doma za starije i nemo\u0107ne osobe Ilok www.dom-ilok.hr .<br \/>\nU radni odnos ne mo\u017ee biti primljena osoba za \u010diji prijem postoje zapreke iz odredbe \u010dl. 261. Zakona o socijalnoj skrbi (NN 18\/22., 46\/22., 119\/22, 71\/23, 156\/23).<br \/>\nNa oglas se mogu prijaviti osobe oba spola.<\/p>\n<p style=\"text-align: left;\">Kandidatom prijavljenim na oglas smatra se osoba koja podnese pravovremenu i urednu prijavu te ispunjava formalne uvjete iz oglasa .<br \/>\nPrijava na oglas s dokazima o ispunjavanju uvjeta iz oglasa podnosi se u zatvorenoj omotnici osobnim dolaskom ili po\u0161tom u roku 8 dana od objave ovog oglasa na stranicama Hrvatskog Zavoda za zapo\u0161ljavanje na adresu: Dom za starije i nemo\u0107ne osobe Ilok, Sofija 2, 32236 Ilok uz naznaku<br \/>\n&#8211; &#8220;Oglas za radno mjesto _ _ _ _ _ _ _ (navesti radno mjesto) &#8211; ne otvaraj&#8221;<\/p>\n<p style=\"text-align: left;\">Nepotpune i nepravodobne prijave ne\u0107e se razmatrati. Potpunom prijavom smatra se ona koja sadr\u017eava sve podatke i priloge navedene u oglasu.<\/p>\n<p style=\"text-align: left;\">Osobe koje prema posebnim propisima ostvaruju pravo prednosti moraju se u prijavi pozvati na to pravo, odnosno uz prijavu prilo\u017eiti svu propisanu dokumentaciju prema posebnom zakonu.<br \/>\nKandidat koji se poziva na pravo prednosti prilikom zapo\u0161ljavanja u skladu s \u010dlankom 102. Zakona o hrvatskim braniteljima iz Domovinskoga rata i \u010dlanovima njihovih obitelji (NN 121\/17., 98\/19. i 84\/21.), uz prijavu na javni oglas du\u017ean je prilo\u017eiti, pored dokaza o ispunjavanju tra\u017eenih uvjeta i sve potrebne dokaze dostupne na poveznici Ministarstva hrvatskih branitelja:<\/p>\n<p style=\"text-align: left;\"><a href=\"https:\/\/branitelji.gov.hr\/zaposljavanje-843\/843\"><span style=\"text-decoration: underline; color: #3366ff;\"><em>https:\/\/branitelji.gov.hr\/zaposljavanje-843\/843<\/em><\/span><\/a>.<\/p>\n<p style=\"text-align: left;\">Kandidat koji se poziva na pravo prednosti pri zapo\u0161ljavanju u skladu s \u010dlankom 48.f Zakona o za\u0161titi vojnih i civilnih invalida rata (NN 33\/92.,57\/92., 77\/92., 27\/93., 58\/93., 02\/94.,76\/94.,108\/95.,108\/96., 82\/01.,103\/03.,148\/13. i 98\/19.), uz prijavu na javni oglas, du\u017ean je pored dokaza o ispunjavanju tra\u017eenih uvjeta, u prijavi na javni oglas pozvati se na to pravo i prilo\u017eiti odgovaraju\u0107e isprave kao dokaz o statusu, kao i druge dokaze sukladno posebnom zakonu kojim je ure\u0111eno to pravo.<\/p>\n<p style=\"text-align: left;\">Kandidat koji se poziva na pravo prednosti pri zapo\u0161ljavanju u skladu s \u010dlankom 9. Zakona o profesionalnoj rehabilitaciji i zapo\u0161ljavanju osoba s invaliditetom (NN 157\/13., 152\/14., 39\/18. i 32\/20.) uz prijavu na javni oglas du\u017ean je, pored dokaza o ispunjavanju tra\u017eenih uvjeta, prilo\u017eiti i dokaz o utvr\u0111enom statusu osobe s invaliditetom.<\/p>\n<p style=\"text-align: left;\">Kandidati koji ispunjavaju formalne uvjete oglasa biti \u0107e pozvani na razgovor o \u010dijem \u0107e terminu biti obavije\u0161teni putem web stranice Doma za starije i nemo\u0107ne osobe Ilok (www.dom-ilok.hr).<\/p>\n<p style=\"text-align: left;\">Nakon provedenih intervjua (razgovora), povjerenstvo za provedbu postupka za prijam u radni odnos utvr\u0111uje rang listu kandidata\/kinja.<\/p>\n<p style=\"text-align: left;\">Kandidati\/kinje koji ne pristupe razgovoru smatrati \u0107e se da su povukli prijavu.<\/p>\n<p style=\"text-align: left;\">Na web stranici Doma za starije i nemo\u0107ne osobe Ilok (www.dom-ilok.hr) biti \u0107e objavljena Odluka o odabiru kandidata\/kandidatkinja s kojim \u0107e se sklopiti Ugovor o radu na odre\u0111eno vrijeme.<br \/>\nDom za starije i nemo\u0107ne osobe Ilok pridr\u017eava pravo poni\u0161tenja oglasa, odnosno pravo ne odabrati nijednog kandidata bez obrazlo\u017eenja svoje odluke i bez ikakve odgovornosti prema kandidatima.<\/p>\n<p style=\"text-align: left;\">Podno\u0161enjem prijave na oglas kandidat je izri\u010dito suglasan da Dom za starije i nemo\u0107ne osobe Ilok kao voditelj obrade podataka mo\u017ee prikupljati, koristiti i dalje obra\u0111ivati njegove osobne podatke u svrhu provedbe oglasa sukladno propisima koji ure\u0111uju za\u0161titu osobnih podataka.<\/p>\n<p style=\"text-align: left;\">URBROJ:2196-104-24-01-944<br \/>\nIlok, 13.05.2024.<\/p>\n<p style=\"text-align: right;\">Ravnateljica<br \/>\nDoma za starije i nemo\u0107ne osobe Ilok<br \/>\nDarija Nikoli\u0107, mag.soc.rada<\/p>\n","protected":false},"excerpt":{"rendered":"<p>Na temelju suglasnosti Vukovarsko-srijemske \u017eupanije od 06.05.2024.g., \u010dlanka 33. Statuta Doma za starije i nemo\u0107ne osobe Ilok i Pravilnika o unutarnjem ustroju i sistematizaciji poslova Doma, ravnateljica Doma za starije i nemo\u0107ne osobe Ilok sa sjedi\u0161tem u Iloku, Sofija 2, raspisuje JAVNI OGLAS ZA RADNO MJESTO NJEGOVATELJ\/ICA NA ODRE\u0110ENO PUNO RADNO VRIJEME 2 IZVR\u0160ITELJ\/-ICA &nbsp;&hellip;<\/p>\n","protected":false},"author":1,"featured_media":316,"comment_status":"closed","ping_status":"closed","sticky":false,"template":"","format":"standard","meta":{"_monsterinsights_skip_tracking":false,"_monsterinsights_sitenote_active":false,"_monsterinsights_sitenote_note":"","_monsterinsights_sitenote_category":0,"ngg_post_thumbnail":0,"footnotes":""},"categories":[3],"tags":[],"class_list":["post-3439","post","type-post","status-publish","format-standard","has-post-thumbnail","hentry","category-natjecaji","category-3","description-off"],"aioseo_notices":[],"_links":{"self":[{"href":"https:\/\/dom-ilok.hr\/index.php?rest_route=\/wp\/v2\/posts\/3439","targetHints":{"allow":["GET"]}}],"collection":[{"href":"https:\/\/dom-ilok.hr\/index.php?rest_route=\/wp\/v2\/posts"}],"about":[{"href":"https:\/\/dom-ilok.hr\/index.php?rest_route=\/wp\/v2\/types\/post"}],"author":[{"embeddable":true,"href":"https:\/\/dom-ilok.hr\/index.php?rest_route=\/wp\/v2\/users\/1"}],"replies":[{"embeddable":true,"href":"https:\/\/dom-ilok.hr\/index.php?rest_route=%2Fwp%2Fv2%2Fcomments&post=3439"}],"version-history":[{"count":1,"href":"https:\/\/dom-ilok.hr\/index.php?rest_route=\/wp\/v2\/posts\/3439\/revisions"}],"predecessor-version":[{"id":3440,"href":"https:\/\/dom-ilok.hr\/index.php?rest_route=\/wp\/v2\/posts\/3439\/revisions\/3440"}],"wp:featuredmedia":[{"embeddable":true,"href":"https:\/\/dom-ilok.hr\/index.php?rest_route=\/wp\/v2\/media\/316"}],"wp:attachment":[{"href":"https:\/\/dom-ilok.hr\/index.php?rest_route=%2Fwp%2Fv2%2Fmedia&parent=3439"}],"wp:term":[{"taxonomy":"category","embeddable":true,"href":"https:\/\/dom-ilok.hr\/index.php?rest_route=%2Fwp%2Fv2%2Fcategories&post=3439"},{"taxonomy":"post_tag","embeddable":true,"href":"https:\/\/dom-ilok.hr\/index.php?rest_route=%2Fwp%2Fv2%2Ftags&post=3439"}],"curies":[{"name":"wp","href":"https:\/\/api.w.org\/{rel}","templated":true}]}}