{"id":3425,"date":"2024-04-30T13:33:50","date_gmt":"2024-04-30T11:33:50","guid":{"rendered":"https:\/\/dom-ilok.hr\/?p=3425"},"modified":"2026-04-26T15:27:35","modified_gmt":"2026-04-26T13:27:35","slug":"odluka-i-obavijest-izbor-kandidata-zazeli-ostvari-ii","status":"publish","type":"post","link":"https:\/\/dom-ilok.hr\/?p=3425","title":{"rendered":"Odluka i Obavijest &#8211; izbor kandidata Za\u017eeli &#8211; ostvari II"},"content":{"rendered":"<p>Odluka o odabiru kandidata po natje\u010daju i Obavijest o radnom sastanku Za\u017eeli &#8211; ostvari II:<\/p>\n<p><span style=\"text-decoration: underline; color: #3366ff;\"><em><a style=\"color: #3366ff; text-decoration: underline;\" href=\"https:\/\/dom-ilok.hr\/wp-content\/uploads\/2024\/04\/Odluka-o-odabiru-kandidata-zazeli-ostvari-II_.pdf\">Odluka o odabiru kandidata zazeli ostvari II_<\/a><\/em><\/span>&nbsp;(pdf)<\/p>\n<p><span style=\"text-decoration: underline; color: #3366ff;\"><em><a style=\"color: #3366ff; text-decoration: underline;\" href=\"https:\/\/dom-ilok.hr\/wp-content\/uploads\/2024\/04\/Obavijest-o-radnom-sastanku-cetvrtak-02052024.pdf\">Obavijest o radnom sastanku &#8211; cetvrtak 02052024<\/a><\/em><\/span>&nbsp;(pdf)<\/p>\n<p>&nbsp;<\/p>\n","protected":false},"excerpt":{"rendered":"<p>Odluka o odabiru kandidata po natje\u010daju i Obavijest o radnom sastanku Za\u017eeli &#8211; ostvari II: Odluka o odabiru kandidata zazeli ostvari II_&nbsp;(pdf) Obavijest o radnom sastanku &#8211; cetvrtak 02052024&nbsp;(pdf) &nbsp;<\/p>\n","protected":false},"author":1,"featured_media":3370,"comment_status":"closed","ping_status":"closed","sticky":false,"template":"","format":"standard","meta":{"_monsterinsights_skip_tracking":false,"_monsterinsights_sitenote_active":false,"_monsterinsights_sitenote_note":"","_monsterinsights_sitenote_category":0,"ngg_post_thumbnail":0,"footnotes":""},"categories":[3,18,4],"tags":[],"class_list":["post-3425","post","type-post","status-publish","format-standard","has-post-thumbnail","hentry","category-natjecaji","category-projekt-zazeli-ostvari-ii-natjecaji","category-projekti","category-3","category-18","category-4","description-off"],"aioseo_notices":[],"_links":{"self":[{"href":"https:\/\/dom-ilok.hr\/index.php?rest_route=\/wp\/v2\/posts\/3425","targetHints":{"allow":["GET"]}}],"collection":[{"href":"https:\/\/dom-ilok.hr\/index.php?rest_route=\/wp\/v2\/posts"}],"about":[{"href":"https:\/\/dom-ilok.hr\/index.php?rest_route=\/wp\/v2\/types\/post"}],"author":[{"embeddable":true,"href":"https:\/\/dom-ilok.hr\/index.php?rest_route=\/wp\/v2\/users\/1"}],"replies":[{"embeddable":true,"href":"https:\/\/dom-ilok.hr\/index.php?rest_route=%2Fwp%2Fv2%2Fcomments&post=3425"}],"version-history":[{"count":2,"href":"https:\/\/dom-ilok.hr\/index.php?rest_route=\/wp\/v2\/posts\/3425\/revisions"}],"predecessor-version":[{"id":3430,"href":"https:\/\/dom-ilok.hr\/index.php?rest_route=\/wp\/v2\/posts\/3425\/revisions\/3430"}],"wp:featuredmedia":[{"embeddable":true,"href":"https:\/\/dom-ilok.hr\/index.php?rest_route=\/wp\/v2\/media\/3370"}],"wp:attachment":[{"href":"https:\/\/dom-ilok.hr\/index.php?rest_route=%2Fwp%2Fv2%2Fmedia&parent=3425"}],"wp:term":[{"taxonomy":"category","embeddable":true,"href":"https:\/\/dom-ilok.hr\/index.php?rest_route=%2Fwp%2Fv2%2Fcategories&post=3425"},{"taxonomy":"post_tag","embeddable":true,"href":"https:\/\/dom-ilok.hr\/index.php?rest_route=%2Fwp%2Fv2%2Ftags&post=3425"}],"curies":[{"name":"wp","href":"https:\/\/api.w.org\/{rel}","templated":true}]}}