{"id":3391,"date":"2024-03-21T12:29:35","date_gmt":"2024-03-21T11:29:35","guid":{"rendered":"https:\/\/dom-ilok.hr\/?p=3391"},"modified":"2024-03-21T12:30:02","modified_gmt":"2024-03-21T11:30:02","slug":"lista-kandidata-natjecaj-socijalni-radnik-ca-pripravnik-ca","status":"publish","type":"post","link":"https:\/\/dom-ilok.hr\/?p=3391","title":{"rendered":"Lista kandidata &#8211; natje\u010daj &#8211; socijalni radnik\/ca &#8211; pripravnik\/ca"},"content":{"rendered":"<p>LISTA KANDIDATA KOJI ISPUNJAVAJU FORMALNE UVJETE PRIJAVLJENIH NA JAVNI NATJE\u010cAJ<\/p>\n<p>za zasnivanje radnog odnosa na odre\u0111eno vrijeme za prijem u radni odnos \u2013 socijalni radnik\/ca-pripravnik\/ca<\/p>\n<ol>\n<li>N.C. ro\u0111. 1998.g. iz Otoka<\/li>\n<li>M.\u0110. ro\u0111. 1998.g. iz Osijeka<\/li>\n<li>D.T. ro\u0111. 1998.g. iz Vinkovaca<\/li>\n<li>M.R. ro\u0111. 2000.g. iz Vukovara<\/li>\n<li>J.S. ro\u0111.&nbsp; 1997.g. iz Borova<\/li>\n<li>I.P. ro\u0111.&nbsp; 1998.g. iz Osijeka<\/li>\n<li>A.M. ro\u0111. 1997.g. iz Vinkovaca<\/li>\n<li>T.K. ro\u0111.&nbsp; 1992.g. iz Br\u0161adina<\/li>\n<li>T.\u010c. ro\u0111. 1992.g. iz Osijeka<\/li>\n<li>K.P.&nbsp; ro\u0111. 1998.g. iz Ivankova<\/li>\n<\/ol>\n<p>Gore navedene kandidatkinje zadovoljavaju sve formalne uvjete iz natje\u010daja te su se dvije kandidatkinje pozvale na pravo prednosti pri zapo\u0161ljavanju.<\/p>\n<p>Sa&nbsp; svim kandidatkinjama \u0107e se obaviti razgovor (intervju) o \u010demu \u0107e ih se osobno obavijestiti putem elektroni\u010dke po\u0161te.<\/p>\n<p>&nbsp;<\/p>\n<p>URBROJ: 2196-104-24-08-428<br \/>\nIlok, 20.03.2024.<\/p>\n<p style=\"text-align: right;\">Ravnateljica:<br \/>\nDarija Nikoli\u0107, mag.soc.rada<\/p>\n<p><a href=\"https:\/\/dom-ilok.hr\/wp-content\/uploads\/2024\/03\/Lista-kandidata-socijalni-radnik-pripravnik.pdf\"><span style=\"text-decoration: underline; color: #3366ff;\"><em>Lista kandidata &#8211; socijalni radnik &#8211; pripravni<\/em><\/span>k<\/a>&nbsp;(pdf)<\/p>\n<p>&nbsp;<\/p>\n","protected":false},"excerpt":{"rendered":"<p>LISTA KANDIDATA KOJI ISPUNJAVAJU FORMALNE UVJETE PRIJAVLJENIH NA JAVNI NATJE\u010cAJ za zasnivanje radnog odnosa na odre\u0111eno vrijeme za prijem u radni odnos \u2013 socijalni radnik\/ca-pripravnik\/ca N.C. ro\u0111. 1998.g. iz Otoka M.\u0110. ro\u0111. 1998.g. iz Osijeka D.T. ro\u0111. 1998.g. iz Vinkovaca M.R. ro\u0111. 2000.g. iz Vukovara J.S. ro\u0111.&nbsp; 1997.g. iz Borova I.P. ro\u0111.&nbsp; 1998.g. iz Osijeka&hellip;<\/p>\n","protected":false},"author":1,"featured_media":316,"comment_status":"closed","ping_status":"closed","sticky":false,"template":"","format":"standard","meta":{"_monsterinsights_skip_tracking":false,"_monsterinsights_sitenote_active":false,"_monsterinsights_sitenote_note":"","_monsterinsights_sitenote_category":0,"ngg_post_thumbnail":0,"footnotes":""},"categories":[3],"tags":[],"class_list":["post-3391","post","type-post","status-publish","format-standard","has-post-thumbnail","hentry","category-natjecaji","category-3","description-off"],"aioseo_notices":[],"_links":{"self":[{"href":"https:\/\/dom-ilok.hr\/index.php?rest_route=\/wp\/v2\/posts\/3391","targetHints":{"allow":["GET"]}}],"collection":[{"href":"https:\/\/dom-ilok.hr\/index.php?rest_route=\/wp\/v2\/posts"}],"about":[{"href":"https:\/\/dom-ilok.hr\/index.php?rest_route=\/wp\/v2\/types\/post"}],"author":[{"embeddable":true,"href":"https:\/\/dom-ilok.hr\/index.php?rest_route=\/wp\/v2\/users\/1"}],"replies":[{"embeddable":true,"href":"https:\/\/dom-ilok.hr\/index.php?rest_route=%2Fwp%2Fv2%2Fcomments&post=3391"}],"version-history":[{"count":1,"href":"https:\/\/dom-ilok.hr\/index.php?rest_route=\/wp\/v2\/posts\/3391\/revisions"}],"predecessor-version":[{"id":3393,"href":"https:\/\/dom-ilok.hr\/index.php?rest_route=\/wp\/v2\/posts\/3391\/revisions\/3393"}],"wp:featuredmedia":[{"embeddable":true,"href":"https:\/\/dom-ilok.hr\/index.php?rest_route=\/wp\/v2\/media\/316"}],"wp:attachment":[{"href":"https:\/\/dom-ilok.hr\/index.php?rest_route=%2Fwp%2Fv2%2Fmedia&parent=3391"}],"wp:term":[{"taxonomy":"category","embeddable":true,"href":"https:\/\/dom-ilok.hr\/index.php?rest_route=%2Fwp%2Fv2%2Fcategories&post=3391"},{"taxonomy":"post_tag","embeddable":true,"href":"https:\/\/dom-ilok.hr\/index.php?rest_route=%2Fwp%2Fv2%2Ftags&post=3391"}],"curies":[{"name":"wp","href":"https:\/\/api.w.org\/{rel}","templated":true}]}}