{"id":3360,"date":"2024-03-01T10:51:10","date_gmt":"2024-03-01T09:51:10","guid":{"rendered":"https:\/\/dom-ilok.hr\/?p=3360"},"modified":"2024-03-12T10:54:58","modified_gmt":"2024-03-12T09:54:58","slug":"natjecaj-socijalni-radnik-pripravnik","status":"publish","type":"post","link":"https:\/\/dom-ilok.hr\/?p=3360","title":{"rendered":"Natje\u010daj &#8211; socijalni radnik\/pripravnik"},"content":{"rendered":"<p style=\"text-align: left;\">Na temelju suglasnosti Vukovarsko-srijemske \u017eupanije od 09.11.2023.g., te \u010dlanka 33. Statuta Doma za starije i nemo\u0107ne osobe Ilok, ravnateljica Doma za starije i nemo\u0107ne osobe Ilok sa sjedi\u0161tem u Iloku, Sofija 2, raspisuje<\/p>\n<p style=\"text-align: center;\"><strong>JAVNI NATJE\u010cAJ<\/strong><br \/>\n<strong>ZA RADNO MJESTO SOCIJALNI RADNIK\/CA-PRIPRAVNIK\/CA<\/strong><br \/>\n<strong>NA ODRE\u0110ENO PUNO RADNO VRIJEME<\/strong><\/p>\n<p style=\"text-align: left;\">Za prijem u radni odnos \u2013 socijalni radnik\/pripravnik \u2013 1 izvr\u0161itelj\/ica<\/p>\n<p style=\"text-align: left;\">Uvjet :<\/p>\n<ul>\n<li style=\"text-align: left;\">zavr\u0161en preddiplomski i diplomski sveu\u010dili\u0161ni studij socijalnog rada ili preddiplomski sveu\u010dili\u0161ni studij socijalnog rada i diplomski sveu\u010dili\u0161ni studij socijalne politike ili integrirani preddiplonmski i diplomskli sveu\u010dili\u0161ni studij socijalnog rada u Republici Hrvatskoj ili priznata inozemna stru\u010dna kvalifikacija za obavljanje regularne djelatnosti-socijalni radnik u skladu s propisima kojima se regulira djelatnost socijalnog rada<\/li>\n<\/ul>\n<p style=\"text-align: left;\">Javni natje\u010daj se raspisuje za socijalnog radnika\/pripravnika na odre\u0111eno puno radno vrijeme u trajanju od 12 mjeseci pripravni\u010dkog sta\u017ea, odnosno do izdavanja Odobrenja za samostalan rad nadle\u017ene komore<\/p>\n<p style=\"text-align: left;\">Uz pismenu prijavu na natje\u010daj obavezno prilo\u017eiti :<\/p>\n<ul>\n<li style=\"text-align: left;\">\u017eivotopis<\/li>\n<li style=\"text-align: left;\">presliku domovnice<\/li>\n<li style=\"text-align: left;\">presliku osobne iskaznice<\/li>\n<li style=\"text-align: left;\">presliku rodnog lista<\/li>\n<li style=\"text-align: left;\">dokaz o tra\u017eenoj stru\u010dnoj spremi (preslika svjedod\u017ebe za zavr\u0161eno obrazovanje)<\/li>\n<li style=\"text-align: left;\">dokaz o radnom sta\u017eu \u2013 elektronski zapis HZMO ( original ne stariji od 30 dana)<\/li>\n<\/ul>\n<p style=\"text-align: left;\">Natje\u010daj \u0107e se objaviti na web stranici Hrvatskog zavoda za zapo\u0161ljavanje www.hzz.hr (http:\/\/www.hzz.hr\/) i Doma za starije i nemo\u0107ne osobe Ilok www.dom-ilok.hr (<a href=\"https:\/\/dom-ilok.hr\/\"><span style=\"text-decoration: underline; color: #3366ff;\"><em>http.\/\/www.dom-ilok.hr\/<\/em><\/span><\/a>).<br \/>\nU radni odnos ne mo\u017ee biti primljena osoba za \u010diji prijem postoje zapreke iz odredbe \u010dl. 261. Zakona o socijalnoj skrbi (NN 18\/22., 46\/22., 119\/22, 71\/23).<\/p>\n<p style=\"text-align: left;\">Na natje\u010daj se mogu prijaviti osobe oba spola.<\/p>\n<p style=\"text-align: left;\">Kandidatom prijavljenim na natje\u010daj smatra se osoba koja podnese pravovremenu i urednu prijavu te ispunjava formalne uvjete iz natje\u010daja.<\/p>\n<p style=\"text-align: left;\">Prijava na natje\u010daj s dokazima o ispunjavanju uvjeta iz natje\u010daja podnosi se u zatvorenoj omotnici osobnim dolaskom ili po\u0161tom u roku 8 dana od objave ovog natje\u010daja na stranicama Hrvatskog Zavoda za zapo\u0161ljavanje na adresu : Dom za starije i nemo\u0107ne osobe Ilok, Sofija 2, 32236 Ilok &#8211; s naznakom:<br \/>\n&#8211; &#8220;Natje\u010daj za radno mjesto _ _ _ _ _ _ _ (navesti radno mjesto) &#8211; ne otvaraj&#8221;<\/p>\n<p style=\"text-align: left;\">Nepotpune i nepravodobne prijave ne\u0107e se razmatrati. Potpunom prijavom smatra se ona koja sadr\u017eava sve podatke i priloge navedene u natje\u010daju.<\/p>\n<p style=\"text-align: left;\">Osobe koje prema posebnim propisima ostvaruju pravo prednosti moraju se u prijavi pozvati na to pravo, odnosno uz prijavu prilo\u017eiti svu propisanu dokumentaciju prema posebnom zakonu.<\/p>\n<p style=\"text-align: left;\">Kandidat koji se poziva na pravo prednosti prilikom zapo\u0161ljavanja u skladu s \u010dlankom 102. Zakona o hrvatskim braniteljima iz Domovinskoga rata i \u010dlanovima njihovih obitelji (NN 121\/17., 98\/19. i 84\/21.), uz prijavu na javni natje\u010daj du\u017ean je prilo\u017eiti, pored dokaza o ispunjavanju tra\u017eenih uvjeta i sve potrebne dokaze dostupne na poveznici Ministarstva hrvatskih branitelja:&nbsp;<\/p>\n<p><a href=\"https:\/\/branitelji.gov.hr\/zaposljavanje-843\/843\"><span style=\"text-decoration: underline; color: #3366ff;\"><em>https:\/\/branitelji.gov.hr\/zaposljavanje-843\/843<\/em><\/span><\/a><\/p>\n<p style=\"text-align: left;\">Kandidat koji se poziva na pravo prednosti pri zapo\u0161ljavanju u skladu s \u010dlankom 48.f Zakona o za\u0161titi vojnih i civilnih invalida rata (NN 33\/92.,57\/92., 77\/92., 27\/93., 58\/93., 02\/94, 76\/94.,108\/95.,108\/96., 82\/01.,103\/03.,148\/13. i 98\/19.), uz prijavu na javni natje\u010daj, du\u017ean je pored dokaza o ispunjavanju tra\u017eenih uvjeta, u prijavi na javni natje\u010daj pozvati se na to pravo i prilo\u017eiti odgovaraju\u0107e isprave kao dokaz o statusu, kao i druge dokaze sukladno posebnom zakonu kojim je ure\u0111eno to pravo.<\/p>\n<p style=\"text-align: left;\">Kandidat koji se poziva na pravo prednosti pri zapo\u0161ljavanju u skladu s \u010dlankom 9. Zakona o profesionalnoj rehabilitaciji i zapo\u0161ljavanju osoba s invaliditetom (NN 157\/13., 152\/14., 39\/18. i 32\/20.) uz prijavu na javni natje\u010daj du\u017ean je, pored dokaza o ispunjavanju tra\u017eenih uvjeta, prilo\u017eiti i dokaz o utvr\u0111enom statusu osobe s invaliditetom.<\/p>\n<p style=\"text-align: left;\">O rezultatima izbora kandidati \u0107e biti pismeno obavije\u0161teni u zakonskom roku.<\/p>\n<p style=\"text-align: left;\">Dom za starije i nemo\u0107ne osobe Ilok pridr\u017eava pravo poni\u0161tenja natje\u010daja, odnosno pravo ne odabrati nijednog kandidata bez obrazlo\u017eenja svoje odluke i bez ikakve odgovornosti prema kandidatima.<\/p>\n<p style=\"text-align: left;\">Podno\u0161enjem prijave na natje\u010daj kandidat je izri\u010dito suglasan da Dom za starije i nemo\u0107ne osobe Ilok kao voditelj obrade podataka mo\u017ee prikupljati, koristiti i dalje obra\u0111ivati njegove osobne podatke u svrhu provedbe natje\u010daja sukladno propisima koji ure\u0111uju za\u0161titu osobnih podataka.<\/p>\n<p style=\"text-align: left;\">URBROJ:2196-104-24-01-336<br \/>\nIlok, 29.02.2024.<\/p>\n<p style=\"text-align: right;\">Dom za starije i nemo\u0107ne osobe Ilok<\/p>\n","protected":false},"excerpt":{"rendered":"<p>Na temelju suglasnosti Vukovarsko-srijemske \u017eupanije od 09.11.2023.g., te \u010dlanka 33. Statuta Doma za starije i nemo\u0107ne osobe Ilok, ravnateljica Doma za starije i nemo\u0107ne osobe Ilok sa sjedi\u0161tem u Iloku, Sofija 2, raspisuje JAVNI NATJE\u010cAJ ZA RADNO MJESTO SOCIJALNI RADNIK\/CA-PRIPRAVNIK\/CA NA ODRE\u0110ENO PUNO RADNO VRIJEME Za prijem u radni odnos \u2013 socijalni radnik\/pripravnik \u2013 1&hellip;<\/p>\n","protected":false},"author":1,"featured_media":316,"comment_status":"closed","ping_status":"closed","sticky":false,"template":"","format":"standard","meta":{"_monsterinsights_skip_tracking":false,"_monsterinsights_sitenote_active":false,"_monsterinsights_sitenote_note":"","_monsterinsights_sitenote_category":0,"ngg_post_thumbnail":0,"footnotes":""},"categories":[3],"tags":[],"class_list":["post-3360","post","type-post","status-publish","format-standard","has-post-thumbnail","hentry","category-natjecaji","category-3","description-off"],"aioseo_notices":[],"_links":{"self":[{"href":"https:\/\/dom-ilok.hr\/index.php?rest_route=\/wp\/v2\/posts\/3360","targetHints":{"allow":["GET"]}}],"collection":[{"href":"https:\/\/dom-ilok.hr\/index.php?rest_route=\/wp\/v2\/posts"}],"about":[{"href":"https:\/\/dom-ilok.hr\/index.php?rest_route=\/wp\/v2\/types\/post"}],"author":[{"embeddable":true,"href":"https:\/\/dom-ilok.hr\/index.php?rest_route=\/wp\/v2\/users\/1"}],"replies":[{"embeddable":true,"href":"https:\/\/dom-ilok.hr\/index.php?rest_route=%2Fwp%2Fv2%2Fcomments&post=3360"}],"version-history":[{"count":1,"href":"https:\/\/dom-ilok.hr\/index.php?rest_route=\/wp\/v2\/posts\/3360\/revisions"}],"predecessor-version":[{"id":3361,"href":"https:\/\/dom-ilok.hr\/index.php?rest_route=\/wp\/v2\/posts\/3360\/revisions\/3361"}],"wp:featuredmedia":[{"embeddable":true,"href":"https:\/\/dom-ilok.hr\/index.php?rest_route=\/wp\/v2\/media\/316"}],"wp:attachment":[{"href":"https:\/\/dom-ilok.hr\/index.php?rest_route=%2Fwp%2Fv2%2Fmedia&parent=3360"}],"wp:term":[{"taxonomy":"category","embeddable":true,"href":"https:\/\/dom-ilok.hr\/index.php?rest_route=%2Fwp%2Fv2%2Fcategories&post=3360"},{"taxonomy":"post_tag","embeddable":true,"href":"https:\/\/dom-ilok.hr\/index.php?rest_route=%2Fwp%2Fv2%2Ftags&post=3360"}],"curies":[{"name":"wp","href":"https:\/\/api.w.org\/{rel}","templated":true}]}}