{"id":334,"date":"2016-10-03T09:15:10","date_gmt":"2016-10-03T07:15:10","guid":{"rendered":"http:\/\/dom-ilok.hr\/?p=334"},"modified":"2018-05-22T09:16:39","modified_gmt":"2018-05-22T07:16:39","slug":"obiljezavanje-medunarodnog-dana-starijih-osoba-2016","status":"publish","type":"post","link":"https:\/\/dom-ilok.hr\/?p=334","title":{"rendered":"Obilje\u017eavanje Me\u0111unarodnog dana starijih osoba 2016"},"content":{"rendered":"<p style=\"text-align: justify;\">U organizaciji Grada Iloka, na\u0161e ustanove i podr\u0161ku na\u0161e \u017eupanije Vukovarsko-srijemske obilje\u017eili smo Me\u0111unarodni dan starijih osoba ispred Gradske knji\u017enice u Iloku. U programu su sudjelovali korisnici Doma, sudionici projekta Kreativno zlatno doba i II c. razred O\u0160 Julije Bene\u0161i\u0107 iz Iloka. Nakon programa medicinsko osoblje Doma je mjerilo krvni tlak i \u0161e\u0107er u krvi ,a posjetitelji su mogli pogledati izlo\u017ebu radova sudionika projekta Kreativno zlatno doba.<\/p>\nngg_shortcode_0_placeholder\n","protected":false},"excerpt":{"rendered":"<p>U organizaciji Grada Iloka, na\u0161e ustanove i podr\u0161ku na\u0161e \u017eupanije Vukovarsko-srijemske obilje\u017eili smo Me\u0111unarodni dan starijih osoba ispred Gradske knji\u017enice u Iloku. U programu su sudjelovali korisnici Doma, sudionici projekta Kreativno zlatno doba i II c. razred O\u0160 Julije Bene\u0161i\u0107 iz Iloka. Nakon programa medicinsko osoblje Doma je mjerilo krvni tlak i \u0161e\u0107er u krvi&hellip;<\/p>\n","protected":false},"author":1,"featured_media":335,"comment_status":"closed","ping_status":"closed","sticky":false,"template":"","format":"standard","meta":{"_monsterinsights_skip_tracking":false,"_monsterinsights_sitenote_active":false,"_monsterinsights_sitenote_note":"","_monsterinsights_sitenote_category":0,"ngg_post_thumbnail":0,"footnotes":""},"categories":[1],"tags":[],"class_list":["post-334","post","type-post","status-publish","format-standard","has-post-thumbnail","hentry","category-aktivnosti","category-1","description-off"],"aioseo_notices":[],"_links":{"self":[{"href":"https:\/\/dom-ilok.hr\/index.php?rest_route=\/wp\/v2\/posts\/334","targetHints":{"allow":["GET"]}}],"collection":[{"href":"https:\/\/dom-ilok.hr\/index.php?rest_route=\/wp\/v2\/posts"}],"about":[{"href":"https:\/\/dom-ilok.hr\/index.php?rest_route=\/wp\/v2\/types\/post"}],"author":[{"embeddable":true,"href":"https:\/\/dom-ilok.hr\/index.php?rest_route=\/wp\/v2\/users\/1"}],"replies":[{"embeddable":true,"href":"https:\/\/dom-ilok.hr\/index.php?rest_route=%2Fwp%2Fv2%2Fcomments&post=334"}],"version-history":[{"count":1,"href":"https:\/\/dom-ilok.hr\/index.php?rest_route=\/wp\/v2\/posts\/334\/revisions"}],"predecessor-version":[{"id":342,"href":"https:\/\/dom-ilok.hr\/index.php?rest_route=\/wp\/v2\/posts\/334\/revisions\/342"}],"wp:featuredmedia":[{"embeddable":true,"href":"https:\/\/dom-ilok.hr\/index.php?rest_route=\/wp\/v2\/media\/335"}],"wp:attachment":[{"href":"https:\/\/dom-ilok.hr\/index.php?rest_route=%2Fwp%2Fv2%2Fmedia&parent=334"}],"wp:term":[{"taxonomy":"category","embeddable":true,"href":"https:\/\/dom-ilok.hr\/index.php?rest_route=%2Fwp%2Fv2%2Fcategories&post=334"},{"taxonomy":"post_tag","embeddable":true,"href":"https:\/\/dom-ilok.hr\/index.php?rest_route=%2Fwp%2Fv2%2Ftags&post=334"}],"curies":[{"name":"wp","href":"https:\/\/api.w.org\/{rel}","templated":true}]}}