{"id":3136,"date":"2023-03-28T09:38:53","date_gmt":"2023-03-28T07:38:53","guid":{"rendered":"https:\/\/dom-ilok.hr\/?p=3136"},"modified":"2023-04-17T09:43:18","modified_gmt":"2023-04-17T07:43:18","slug":"cetvrta-podjela-paketa-higijene-u-okviru-projekta-zazeli-ostvari","status":"publish","type":"post","link":"https:\/\/dom-ilok.hr\/?p=3136","title":{"rendered":"\u010cetvrta podjela paketa higijene u okviru projekta &#8220;Za\u017eeli-ostvari!&#8221;"},"content":{"rendered":"<div class=\"wpb-content-wrapper\"><p>[vc_row][vc_column][vc_column_text]U okviru projekta &#8220;Za\u017eeli-ostvari!&#8221; izvr\u0161ena je \u010detvrta podjela paketa higijene u kojemu 20 zaposlenica pru\u017ea podr\u0161ku za 120 starijih osoba i osoba u nepovoljnom polo\u017eaju na podru\u010dju Iloka, \u0160arengrada, Bapske i Mohova. \ud83d\ude42<br \/>\nNositelj prijekta je Dom za starije i nemo\u0107ne osobe Ilok, a partneri na projektu su Hrvatski Crveni kri\u017e Gradsko dru\u0161tvo Crvenog kri\u017ea Ilok, Hrvatski zavod za zapo\u0161ljavanje, Podru\u010dni ured Vukovar i Centar za socijalnu skrb Vukovar.<br \/>\nProjekt je sufinanciran sredstvima Europske unije iz Europskog socijalnog fonda kroz Operativni program U\u010dinkoviti ljudski potencijali.<\/p>\n<p><a href=\"https:\/\/www.facebook.com\/crvenikrizilok\/posts\/pfbid02vfBKaqADdTmrCbajg9zB7PBzwGmpg4RFc8m4EYubNHgBTXzCNuNiHZJVPJYwzyYYl\"><span style=\"text-decoration: underline; color: #3366ff;\"><em>Link<\/em> <\/span><\/a>na Facebook<\/p>\n<p>&nbsp;[\/vc_column_text][\/vc_column][\/vc_row][vc_row][vc_column][vc_column_text][\/vc_column_text][\/vc_column][\/vc_row][vc_row][vc_column][vc_column_text]<\/p>\n<table style=\"width: 100%; border-collapse: collapse; border-style: hidden;\">\n<tbody>\n<tr>\n<td style=\"width: 35.1254%;\"><a href=\"http:\/\/www.esf.hr\/\"><img loading=\"lazy\" decoding=\"async\" class=\"alignright wp-image-57749 size-full\" src=\"https:\/\/dom-ilok.hr\/wp-content\/uploads\/2022\/12\/esf_hr.jpg\" alt=\"esf.hr logo link stranice\" width=\"268\" height=\"221\"><\/a><\/td>\n<td style=\"width: 64.8746%;\"><a href=\"https:\/\/strukturnifondovi.hr\/\"><img loading=\"lazy\" decoding=\"async\" class=\"alignnone wp-image-57751 size-full\" src=\"https:\/\/dom-ilok.hr\/wp-content\/uploads\/2022\/12\/EUSocFond.jpg\" alt=\"Europski socijalni fond - logo - link na stranice\" width=\"704\" height=\"221\"><\/a><\/td>\n<\/tr>\n<\/tbody>\n<\/table>\n<p>[\/vc_column_text][\/vc_column][\/vc_row]<\/p>\n<\/div>","protected":false},"excerpt":{"rendered":"<p>[vc_row][vc_column][vc_column_text]U okviru projekta &#8220;Za\u017eeli-ostvari!&#8221; izvr\u0161ena je \u010detvrta podjela paketa higijene u kojemu 20 zaposlenica pru\u017ea podr\u0161ku za 120 starijih osoba i osoba u nepovoljnom polo\u017eaju na podru\u010dju Iloka, \u0160arengrada, Bapske i Mohova. \ud83d\ude42 Nositelj prijekta je Dom za starije i nemo\u0107ne osobe Ilok, a partneri na projektu su Hrvatski Crveni kri\u017e Gradsko dru\u0161tvo Crvenog kri\u017ea&hellip;<\/p>\n","protected":false},"author":1,"featured_media":3137,"comment_status":"closed","ping_status":"closed","sticky":false,"template":"","format":"standard","meta":{"_monsterinsights_skip_tracking":false,"_monsterinsights_sitenote_active":false,"_monsterinsights_sitenote_note":"","_monsterinsights_sitenote_category":0,"ngg_post_thumbnail":0,"footnotes":""},"categories":[1,4],"tags":[],"class_list":["post-3136","post","type-post","status-publish","format-standard","has-post-thumbnail","hentry","category-aktivnosti","category-projekti","category-1","category-4","description-off"],"aioseo_notices":[],"_links":{"self":[{"href":"https:\/\/dom-ilok.hr\/index.php?rest_route=\/wp\/v2\/posts\/3136","targetHints":{"allow":["GET"]}}],"collection":[{"href":"https:\/\/dom-ilok.hr\/index.php?rest_route=\/wp\/v2\/posts"}],"about":[{"href":"https:\/\/dom-ilok.hr\/index.php?rest_route=\/wp\/v2\/types\/post"}],"author":[{"embeddable":true,"href":"https:\/\/dom-ilok.hr\/index.php?rest_route=\/wp\/v2\/users\/1"}],"replies":[{"embeddable":true,"href":"https:\/\/dom-ilok.hr\/index.php?rest_route=%2Fwp%2Fv2%2Fcomments&post=3136"}],"version-history":[{"count":3,"href":"https:\/\/dom-ilok.hr\/index.php?rest_route=\/wp\/v2\/posts\/3136\/revisions"}],"predecessor-version":[{"id":3139,"href":"https:\/\/dom-ilok.hr\/index.php?rest_route=\/wp\/v2\/posts\/3136\/revisions\/3139"}],"wp:featuredmedia":[{"embeddable":true,"href":"https:\/\/dom-ilok.hr\/index.php?rest_route=\/wp\/v2\/media\/3137"}],"wp:attachment":[{"href":"https:\/\/dom-ilok.hr\/index.php?rest_route=%2Fwp%2Fv2%2Fmedia&parent=3136"}],"wp:term":[{"taxonomy":"category","embeddable":true,"href":"https:\/\/dom-ilok.hr\/index.php?rest_route=%2Fwp%2Fv2%2Fcategories&post=3136"},{"taxonomy":"post_tag","embeddable":true,"href":"https:\/\/dom-ilok.hr\/index.php?rest_route=%2Fwp%2Fv2%2Ftags&post=3136"}],"curies":[{"name":"wp","href":"https:\/\/api.w.org\/{rel}","templated":true}]}}