{"id":309,"date":"2017-06-26T08:44:01","date_gmt":"2017-06-26T06:44:01","guid":{"rendered":"http:\/\/dom-ilok.hr\/?p=309"},"modified":"2018-05-23T08:30:50","modified_gmt":"2018-05-23T06:30:50","slug":"na-podrucju-grada-iloka-odobren-je-projekt-doma-za-starije-i-nemocne-osobe-ilok-na-natjecaju-nas-doprinos-zajednici-zaklade-slagalica","status":"publish","type":"post","link":"https:\/\/dom-ilok.hr\/?p=309","title":{"rendered":"Projekt &#8220;Na\u0161 doprinos zajednici&#8221;"},"content":{"rendered":"<p style=\"text-align: justify;\">Na podru\u010dju Grada Iloka odobren je projekt Doma za starije i nemo\u0107ne osobe Ilok na natje\u010daju &#8220;Na\u0161 doprinos zajednici&#8221; Zaklade Slagalica<\/p>\n<p>&nbsp;<\/p>\n<p style=\"text-align: justify;\">Upravni odbor &#8220;Slagalice&#8221; &#8211; zaklade za razvoj lokalne zajednice na svojoj sjednici odr\u017eanoj 19. lipnja 2017. godine, na prijedlog Komisije za procjenu projektnih prijedloga, donio je Odluku o odobravanju financijskih sredstava za gra\u0111anske akcije.<\/p>\n<p style=\"text-align: justify;\">Od ukupno 30 projekata, tj. gra\u0111anskih akcija koje su odabrane za financiranje, odnosno od ukupno 6 odobrenih na podru\u010dju Vukovarsko-srijemske \u017eupanije, 1 je projekt koji \u0107e se provoditi na podru\u010dju Grada Iloka, a koji je pripremio LAG Srijem.<\/p>\n<p style=\"text-align: justify;\">Odobren je projekt Doma za starije i nemo\u0107ne osobe Ilok pod nazivom Fitness za sve u vrijednosti 10.000,00 kn.<\/p>\n<p style=\"text-align: justify;\">Navedenim projektom osigurano je ukupno 10.000,00 kn koje \u0107e se kroz provedbu gra\u0111anske akcije kvalitetno utro\u0161iti za pobolj\u0161anje kvalitete \u017eivota na podru\u010dju Grada Iloka, odnosno podru\u010dja LAG-a Srijem.<\/p>\n<p style=\"text-align: justify;\">Projektom Fitness za sve izgradit \u0107e se fitness park na otvorenom u Iloku, tj. uredit \u0107e se prostor na kojem \u0107e nastati Fitness park, postaviti sprave za vanjski fitness te urediti okoli\u0161 oko parka.<\/p>\n","protected":false},"excerpt":{"rendered":"<p>Na podru\u010dju Grada Iloka odobren je projekt Doma za starije i nemo\u0107ne osobe Ilok na natje\u010daju &#8220;Na\u0161 doprinos zajednici&#8221; Zaklade Slagalica &nbsp; Upravni odbor &#8220;Slagalice&#8221; &#8211; zaklade za razvoj lokalne zajednice na svojoj sjednici odr\u017eanoj 19. lipnja 2017. godine, na prijedlog Komisije za procjenu projektnih prijedloga, donio je Odluku o odobravanju financijskih sredstava za gra\u0111anske&hellip;<\/p>\n","protected":false},"author":1,"featured_media":310,"comment_status":"closed","ping_status":"closed","sticky":false,"template":"","format":"standard","meta":{"_monsterinsights_skip_tracking":false,"_monsterinsights_sitenote_active":false,"_monsterinsights_sitenote_note":"","_monsterinsights_sitenote_category":0,"ngg_post_thumbnail":0,"footnotes":""},"categories":[4],"tags":[],"class_list":["post-309","post","type-post","status-publish","format-standard","has-post-thumbnail","hentry","category-projekti","category-4","description-off"],"aioseo_notices":[],"_links":{"self":[{"href":"https:\/\/dom-ilok.hr\/index.php?rest_route=\/wp\/v2\/posts\/309","targetHints":{"allow":["GET"]}}],"collection":[{"href":"https:\/\/dom-ilok.hr\/index.php?rest_route=\/wp\/v2\/posts"}],"about":[{"href":"https:\/\/dom-ilok.hr\/index.php?rest_route=\/wp\/v2\/types\/post"}],"author":[{"embeddable":true,"href":"https:\/\/dom-ilok.hr\/index.php?rest_route=\/wp\/v2\/users\/1"}],"replies":[{"embeddable":true,"href":"https:\/\/dom-ilok.hr\/index.php?rest_route=%2Fwp%2Fv2%2Fcomments&post=309"}],"version-history":[{"count":3,"href":"https:\/\/dom-ilok.hr\/index.php?rest_route=\/wp\/v2\/posts\/309\/revisions"}],"predecessor-version":[{"id":1616,"href":"https:\/\/dom-ilok.hr\/index.php?rest_route=\/wp\/v2\/posts\/309\/revisions\/1616"}],"wp:featuredmedia":[{"embeddable":true,"href":"https:\/\/dom-ilok.hr\/index.php?rest_route=\/wp\/v2\/media\/310"}],"wp:attachment":[{"href":"https:\/\/dom-ilok.hr\/index.php?rest_route=%2Fwp%2Fv2%2Fmedia&parent=309"}],"wp:term":[{"taxonomy":"category","embeddable":true,"href":"https:\/\/dom-ilok.hr\/index.php?rest_route=%2Fwp%2Fv2%2Fcategories&post=309"},{"taxonomy":"post_tag","embeddable":true,"href":"https:\/\/dom-ilok.hr\/index.php?rest_route=%2Fwp%2Fv2%2Ftags&post=309"}],"curies":[{"name":"wp","href":"https:\/\/api.w.org\/{rel}","templated":true}]}}