{"id":3086,"date":"2023-02-23T15:23:15","date_gmt":"2023-02-23T14:23:15","guid":{"rendered":"https:\/\/dom-ilok.hr\/?p=3086"},"modified":"2026-04-28T13:29:13","modified_gmt":"2026-04-28T11:29:13","slug":"zavrsna-konferencija-projekta-srce-zajednice","status":"publish","type":"post","link":"https:\/\/dom-ilok.hr\/?p=3086","title":{"rendered":"Zavr\u0161na konferencija projekta &#8220;Srce zajednice&#8221;"},"content":{"rendered":"<p>23.2.2023. odr\u017eali smo zavr\u0161nu konferenciju projekta &#8220;Srce zajednice&#8221; i otvorili novo rekonstruirane i opremljene paviljone za pru\u017eanje usluga poludnevnog i dnevnog boravka za starije i nemo\u0107ne osobe, osobe oboljele od Alzheimerove demencije, osobe s invaliditetom i besku\u0107nike ukupnog kapaciteta za 36 korisnika.<\/p>\n<p>Osim same rekonstrukcije i opremanja paviljona, opremljena je praonica rublja, nabavljeno je jedno transportno vozilo za prijevoz korisnika od\/do Doma i jedno dostavno vozilo za prijevoz toplih obroka koji se pripremaju u novo opremljenoj kuhinji.<\/p>\n<p>Kroz izvaninstitucionalne usluge korisnicima \u0107e biti osigurana psiho-socijalna rehabilitacija, socijalni rad, briga o zdravlju, njega i prijevoz iz vlastitog doma na aktivnosti u objekte i povratak u njihov dom.<\/p>\n<p>Projekt je sufinancirala Europska unija iz Europskog fonda za regionalni razvoj u 100% iznosu vrijednosti 1.067.382,90 eura.<\/p>\n<p>&nbsp;<\/p>\nngg_shortcode_0_placeholder\n","protected":false},"excerpt":{"rendered":"<p>23.2.2023. odr\u017eali smo zavr\u0161nu konferenciju projekta &#8220;Srce zajednice&#8221; i otvorili novo rekonstruirane i opremljene paviljone za pru\u017eanje usluga poludnevnog i dnevnog boravka za starije i nemo\u0107ne osobe, osobe oboljele od Alzheimerove demencije, osobe s invaliditetom i besku\u0107nike ukupnog kapaciteta za 36 korisnika. Osim same rekonstrukcije i opremanja paviljona, opremljena je praonica rublja, nabavljeno je jedno&hellip;<\/p>\n","protected":false},"author":1,"featured_media":3093,"comment_status":"closed","ping_status":"closed","sticky":false,"template":"","format":"standard","meta":{"_monsterinsights_skip_tracking":false,"_monsterinsights_sitenote_active":false,"_monsterinsights_sitenote_note":"","_monsterinsights_sitenote_category":0,"ngg_post_thumbnail":0,"footnotes":""},"categories":[1,19,4],"tags":[],"class_list":["post-3086","post","type-post","status-publish","format-standard","has-post-thumbnail","hentry","category-aktivnosti","category-projekt-srce-zajednice-aktivnosti","category-projekti","category-1","category-19","category-4","description-off"],"aioseo_notices":[],"_links":{"self":[{"href":"https:\/\/dom-ilok.hr\/index.php?rest_route=\/wp\/v2\/posts\/3086","targetHints":{"allow":["GET"]}}],"collection":[{"href":"https:\/\/dom-ilok.hr\/index.php?rest_route=\/wp\/v2\/posts"}],"about":[{"href":"https:\/\/dom-ilok.hr\/index.php?rest_route=\/wp\/v2\/types\/post"}],"author":[{"embeddable":true,"href":"https:\/\/dom-ilok.hr\/index.php?rest_route=\/wp\/v2\/users\/1"}],"replies":[{"embeddable":true,"href":"https:\/\/dom-ilok.hr\/index.php?rest_route=%2Fwp%2Fv2%2Fcomments&post=3086"}],"version-history":[{"count":2,"href":"https:\/\/dom-ilok.hr\/index.php?rest_route=\/wp\/v2\/posts\/3086\/revisions"}],"predecessor-version":[{"id":4400,"href":"https:\/\/dom-ilok.hr\/index.php?rest_route=\/wp\/v2\/posts\/3086\/revisions\/4400"}],"wp:featuredmedia":[{"embeddable":true,"href":"https:\/\/dom-ilok.hr\/index.php?rest_route=\/wp\/v2\/media\/3093"}],"wp:attachment":[{"href":"https:\/\/dom-ilok.hr\/index.php?rest_route=%2Fwp%2Fv2%2Fmedia&parent=3086"}],"wp:term":[{"taxonomy":"category","embeddable":true,"href":"https:\/\/dom-ilok.hr\/index.php?rest_route=%2Fwp%2Fv2%2Fcategories&post=3086"},{"taxonomy":"post_tag","embeddable":true,"href":"https:\/\/dom-ilok.hr\/index.php?rest_route=%2Fwp%2Fv2%2Ftags&post=3086"}],"curies":[{"name":"wp","href":"https:\/\/api.w.org\/{rel}","templated":true}]}}