{"id":3031,"date":"2023-01-04T14:42:39","date_gmt":"2023-01-04T13:42:39","guid":{"rendered":"https:\/\/dom-ilok.hr\/?p=3031"},"modified":"2023-04-17T09:43:33","modified_gmt":"2023-04-17T07:43:33","slug":"aktivnosti-projekta-zazeli-ostvari","status":"publish","type":"post","link":"https:\/\/dom-ilok.hr\/?p=3031","title":{"rendered":"Aktivnosti projekta Za\u017eeli &#8211; ostvari!"},"content":{"rendered":"<div class=\"wpb-content-wrapper\"><p>[vc_row][vc_column][vc_column_text]Kroz projekt Za\u017eeli-ostvari! je zaposleno 20 pripadnica ciljane skupine tj. pripadnica ranjivih skupina definiranih Pozivom koje pru\u017eaju uslugu potpore i podr\u0161ke starijim osobama i osobama u nepovoljnom polo\u017eaju prema najmanje 6 krajnjih korisnika po zaposlenoj \u017eeni uz mjese\u010dnu isporuku paketa ku\u0107anskih i osnovnih higijenskih potrep\u0161tina. Svoj rad na projektu su zapo\u010dele 19.12.2022. godine. Nakon potpisivanja Ugovora o radu i odr\u017eanog sastanka sa ravnateljicom Doma, voditeljicom projekta i ravnateljem Gradskog dru\u0161tva Crvenog kri\u017ea Ilok zapo\u010dele su s pru\u017eanjem usluga krajnjim korisnicima projekta.<\/p>\n<p>Prva mjese\u010dna isporuka paketa ku\u0107anskih i osnovnih higijenskih potrep\u0161tina je obavljena te su \u017eene uz pomo\u0107 ravnatelja Gradskog dru\u0161tva Crvenog kri\u017ea Ilok, koji je partner u projektu, dostavili sveukupno 120 paketa krajnjim korisnicima za prosinac 2022. godine.<\/p>\n<p>Zaposlene \u017eene su opremljene radnim odje\u0107om i ruksacima sa istaknutim oznakama vidljivosti projekta po kojima \u0107e biti prepoznatljivi krajnjim korisnicima projekta.<\/p>\n<p>Zapo\u0161ljavanjem \u0107e se u lokalnoj zajednici osna\u017eiti i unaprijediti radni potencijal pripadnica ciljane skupine, te ujedno potaknuti socijalnu uklju\u010denost i pove\u0107ati razinu kvalitete \u017eivota krajnjih korisnika.<\/p>\n<p>&nbsp;<\/p>\nngg_shortcode_0_placeholder\n<p>[\/vc_column_text][\/vc_column][\/vc_row][vc_row][vc_column][vc_column_text]<\/p>\n<table style=\"width: 100%; border-collapse: collapse; border-style: hidden;\">\n<tbody>\n<tr>\n<td style=\"width: 35.1254%;\"><a href=\"http:\/\/www.esf.hr\/\"><img loading=\"lazy\" decoding=\"async\" class=\"alignright wp-image-57749 size-full\" src=\"https:\/\/dom-ilok.hr\/wp-content\/uploads\/2022\/12\/esf_hr.jpg\" alt=\"esf.hr logo link stranice\" width=\"268\" height=\"221\"><\/a><\/td>\n<td style=\"width: 64.8746%;\"><a href=\"https:\/\/strukturnifondovi.hr\/\"><img loading=\"lazy\" decoding=\"async\" class=\"alignnone wp-image-57751 size-full\" src=\"https:\/\/dom-ilok.hr\/wp-content\/uploads\/2022\/12\/EUSocFond.jpg\" alt=\"Europski socijalni fond - logo - link na stranice\" width=\"704\" height=\"221\"><\/a><\/td>\n<\/tr>\n<\/tbody>\n<\/table>\n<p>[\/vc_column_text][\/vc_column][\/vc_row]<\/p>\n<\/div>","protected":false},"excerpt":{"rendered":"<p>[vc_row][vc_column][vc_column_text]Kroz projekt Za\u017eeli-ostvari! je zaposleno 20 pripadnica ciljane skupine tj. pripadnica ranjivih skupina definiranih Pozivom koje pru\u017eaju uslugu potpore i podr\u0161ke starijim osobama i osobama u nepovoljnom polo\u017eaju prema najmanje 6 krajnjih korisnika po zaposlenoj \u017eeni uz mjese\u010dnu isporuku paketa ku\u0107anskih i osnovnih higijenskih potrep\u0161tina. Svoj rad na projektu su zapo\u010dele 19.12.2022. godine. Nakon potpisivanja&hellip;<\/p>\n","protected":false},"author":1,"featured_media":3048,"comment_status":"closed","ping_status":"closed","sticky":false,"template":"","format":"standard","meta":{"_monsterinsights_skip_tracking":false,"_monsterinsights_sitenote_active":false,"_monsterinsights_sitenote_note":"","_monsterinsights_sitenote_category":0,"ngg_post_thumbnail":0,"footnotes":""},"categories":[1,4],"tags":[],"class_list":["post-3031","post","type-post","status-publish","format-standard","has-post-thumbnail","hentry","category-aktivnosti","category-projekti","category-1","category-4","description-off"],"aioseo_notices":[],"_links":{"self":[{"href":"https:\/\/dom-ilok.hr\/index.php?rest_route=\/wp\/v2\/posts\/3031","targetHints":{"allow":["GET"]}}],"collection":[{"href":"https:\/\/dom-ilok.hr\/index.php?rest_route=\/wp\/v2\/posts"}],"about":[{"href":"https:\/\/dom-ilok.hr\/index.php?rest_route=\/wp\/v2\/types\/post"}],"author":[{"embeddable":true,"href":"https:\/\/dom-ilok.hr\/index.php?rest_route=\/wp\/v2\/users\/1"}],"replies":[{"embeddable":true,"href":"https:\/\/dom-ilok.hr\/index.php?rest_route=%2Fwp%2Fv2%2Fcomments&post=3031"}],"version-history":[{"count":2,"href":"https:\/\/dom-ilok.hr\/index.php?rest_route=\/wp\/v2\/posts\/3031\/revisions"}],"predecessor-version":[{"id":3050,"href":"https:\/\/dom-ilok.hr\/index.php?rest_route=\/wp\/v2\/posts\/3031\/revisions\/3050"}],"wp:featuredmedia":[{"embeddable":true,"href":"https:\/\/dom-ilok.hr\/index.php?rest_route=\/wp\/v2\/media\/3048"}],"wp:attachment":[{"href":"https:\/\/dom-ilok.hr\/index.php?rest_route=%2Fwp%2Fv2%2Fmedia&parent=3031"}],"wp:term":[{"taxonomy":"category","embeddable":true,"href":"https:\/\/dom-ilok.hr\/index.php?rest_route=%2Fwp%2Fv2%2Fcategories&post=3031"},{"taxonomy":"post_tag","embeddable":true,"href":"https:\/\/dom-ilok.hr\/index.php?rest_route=%2Fwp%2Fv2%2Ftags&post=3031"}],"curies":[{"name":"wp","href":"https:\/\/api.w.org\/{rel}","templated":true}]}}