{"id":2956,"date":"2022-11-15T13:32:12","date_gmt":"2022-11-15T12:32:12","guid":{"rendered":"https:\/\/dom-ilok.hr\/?p=2956"},"modified":"2023-01-04T08:22:59","modified_gmt":"2023-01-04T07:22:59","slug":"obavijest-o-obavljenom-intervjuu-voditelj-projekta-zazeli-ostvari","status":"publish","type":"post","link":"https:\/\/dom-ilok.hr\/?p=2956","title":{"rendered":"Obavijest o obavljenom intervjuu &#8211; voditelj projekta Za\u017eeli-ostvari!"},"content":{"rendered":"<div class=\"wpb-content-wrapper\"><p>[vc_row][vc_column][vc_column_text]<\/p>\n<p style=\"text-align: left;\">Obavijest o obavljenom intervjuu u sklopu natje\u010daja za voditelja projekta Za\u017eeli-ostvari! rad na odre\u0111eno radno vrijeme 1 izvr\u0161itelj\/ica:<\/p>\n<p style=\"text-align: left;\"><span style=\"text-decoration: underline; color: #3366ff;\"><em><a style=\"color: #3366ff; text-decoration: underline;\" href=\"https:\/\/dom-ilok.hr\/wp-content\/uploads\/2022\/11\/Obavijest-o-obavljenom-intervjuu-voditelj-projekta-Zazeli-ostvari.pdf\">Obavijest o obavljenom intervjuu &#8211; voditelj projekta Zazeli-ostvari<\/a><\/em><\/span>&nbsp;(pdf)<\/p>\n<p>[\/vc_column_text][\/vc_column][\/vc_row][vc_row][vc_column][vc_column_text]<\/p>\n<table style=\"width: 100%; border-collapse: collapse; border-style: hidden;\">\n<tbody>\n<tr>\n<td style=\"width: 35.1254%;\"><a href=\"http:\/\/www.esf.hr\/\"><img loading=\"lazy\" decoding=\"async\" class=\"alignright wp-image-57749 size-full\" src=\"https:\/\/dom-ilok.hr\/wp-content\/uploads\/2022\/12\/esf_hr.jpg\" alt=\"esf.hr logo link stranice\" width=\"268\" height=\"221\"><\/a><\/td>\n<td style=\"width: 64.8746%;\"><a href=\"https:\/\/strukturnifondovi.hr\/\"><img loading=\"lazy\" decoding=\"async\" class=\"alignnone wp-image-57751 size-full\" src=\"https:\/\/dom-ilok.hr\/wp-content\/uploads\/2022\/12\/EUSocFond.jpg\" alt=\"Europski socijalni fond - logo - link na stranice\" width=\"704\" height=\"221\"><\/a><\/td>\n<\/tr>\n<\/tbody>\n<\/table>\n<p>[\/vc_column_text][\/vc_column][\/vc_row]<\/p>\n<\/div>","protected":false},"excerpt":{"rendered":"<p>[vc_row][vc_column][vc_column_text] Obavijest o obavljenom intervjuu u sklopu natje\u010daja za voditelja projekta Za\u017eeli-ostvari! rad na odre\u0111eno radno vrijeme 1 izvr\u0161itelj\/ica: Obavijest o obavljenom intervjuu &#8211; voditelj projekta Zazeli-ostvari&nbsp;(pdf) [\/vc_column_text][\/vc_column][\/vc_row][vc_row][vc_column][vc_column_text] [\/vc_column_text][\/vc_column][\/vc_row]<\/p>\n","protected":false},"author":1,"featured_media":316,"comment_status":"closed","ping_status":"closed","sticky":false,"template":"","format":"standard","meta":{"_monsterinsights_skip_tracking":false,"_monsterinsights_sitenote_active":false,"_monsterinsights_sitenote_note":"","_monsterinsights_sitenote_category":0,"ngg_post_thumbnail":0,"footnotes":""},"categories":[3,4],"tags":[],"class_list":["post-2956","post","type-post","status-publish","format-standard","has-post-thumbnail","hentry","category-natjecaji","category-projekti","category-3","category-4","description-off"],"aioseo_notices":[],"_links":{"self":[{"href":"https:\/\/dom-ilok.hr\/index.php?rest_route=\/wp\/v2\/posts\/2956","targetHints":{"allow":["GET"]}}],"collection":[{"href":"https:\/\/dom-ilok.hr\/index.php?rest_route=\/wp\/v2\/posts"}],"about":[{"href":"https:\/\/dom-ilok.hr\/index.php?rest_route=\/wp\/v2\/types\/post"}],"author":[{"embeddable":true,"href":"https:\/\/dom-ilok.hr\/index.php?rest_route=\/wp\/v2\/users\/1"}],"replies":[{"embeddable":true,"href":"https:\/\/dom-ilok.hr\/index.php?rest_route=%2Fwp%2Fv2%2Fcomments&post=2956"}],"version-history":[{"count":2,"href":"https:\/\/dom-ilok.hr\/index.php?rest_route=\/wp\/v2\/posts\/2956\/revisions"}],"predecessor-version":[{"id":3026,"href":"https:\/\/dom-ilok.hr\/index.php?rest_route=\/wp\/v2\/posts\/2956\/revisions\/3026"}],"wp:featuredmedia":[{"embeddable":true,"href":"https:\/\/dom-ilok.hr\/index.php?rest_route=\/wp\/v2\/media\/316"}],"wp:attachment":[{"href":"https:\/\/dom-ilok.hr\/index.php?rest_route=%2Fwp%2Fv2%2Fmedia&parent=2956"}],"wp:term":[{"taxonomy":"category","embeddable":true,"href":"https:\/\/dom-ilok.hr\/index.php?rest_route=%2Fwp%2Fv2%2Fcategories&post=2956"},{"taxonomy":"post_tag","embeddable":true,"href":"https:\/\/dom-ilok.hr\/index.php?rest_route=%2Fwp%2Fv2%2Ftags&post=2956"}],"curies":[{"name":"wp","href":"https:\/\/api.w.org\/{rel}","templated":true}]}}