{"id":2952,"date":"2022-11-03T15:17:59","date_gmt":"2022-11-03T14:17:59","guid":{"rendered":"https:\/\/dom-ilok.hr\/?p=2952"},"modified":"2023-01-04T08:23:28","modified_gmt":"2023-01-04T07:23:28","slug":"povjerenstvo-za-provedbu-natjecaja-projekt-zazeli-ostvari","status":"publish","type":"post","link":"https:\/\/dom-ilok.hr\/?p=2952","title":{"rendered":"Povjerenstvo za provedbu natje\u010daja &#8211; projekt Za\u017eeli &#8211; Ostvari!"},"content":{"rendered":"<div class=\"wpb-content-wrapper\"><p>[vc_row][vc_column][vc_column_text]<\/p>\n<p style=\"text-align: left;\">Odluka o imenovanju povjerenstva za provedbu natje\u010daja za prijem u radni odnos na odre\u0111eno vrijeme u punom radnom vremenu &#8211; 1 voditelj\/ica projekta Za\u017eeli &#8211; Ostvari! i 20 gerontodoma\u0107ica na projekti Za\u017eeli &#8211; Ostvari!:<\/p>\n<p style=\"text-align: left;\"><a href=\"https:\/\/dom-ilok.hr\/wp-content\/uploads\/2022\/11\/Odluka-o-imenovanju-Povjerenstva.pdf\"><span style=\"text-decoration: underline; color: #3366ff;\"><em>Odluka o imenovanju Povjerenstva<\/em><\/span><\/a>&nbsp;(pdf)<\/p>\n<p>[\/vc_column_text][\/vc_column][\/vc_row][vc_row][vc_column][vc_column_text]<\/p>\n<table style=\"width: 100%; border-collapse: collapse; border-style: hidden;\">\n<tbody>\n<tr>\n<td style=\"width: 35.1254%;\"><a href=\"http:\/\/www.esf.hr\/\"><img loading=\"lazy\" decoding=\"async\" class=\"alignright wp-image-57749 size-full\" src=\"https:\/\/dom-ilok.hr\/wp-content\/uploads\/2022\/12\/esf_hr.jpg\" alt=\"esf.hr logo link stranice\" width=\"268\" height=\"221\"><\/a><\/td>\n<td style=\"width: 64.8746%;\"><a href=\"https:\/\/strukturnifondovi.hr\/\"><img loading=\"lazy\" decoding=\"async\" class=\"alignnone wp-image-57751 size-full\" src=\"https:\/\/dom-ilok.hr\/wp-content\/uploads\/2022\/12\/EUSocFond.jpg\" alt=\"Europski socijalni fond - logo - link na stranice\" width=\"704\" height=\"221\"><\/a><\/td>\n<\/tr>\n<\/tbody>\n<\/table>\n<p>[\/vc_column_text][\/vc_column][\/vc_row]<\/p>\n<\/div>","protected":false},"excerpt":{"rendered":"<p>[vc_row][vc_column][vc_column_text] Odluka o imenovanju povjerenstva za provedbu natje\u010daja za prijem u radni odnos na odre\u0111eno vrijeme u punom radnom vremenu &#8211; 1 voditelj\/ica projekta Za\u017eeli &#8211; Ostvari! i 20 gerontodoma\u0107ica na projekti Za\u017eeli &#8211; Ostvari!: Odluka o imenovanju Povjerenstva&nbsp;(pdf) [\/vc_column_text][\/vc_column][\/vc_row][vc_row][vc_column][vc_column_text] [\/vc_column_text][\/vc_column][\/vc_row]<\/p>\n","protected":false},"author":1,"featured_media":316,"comment_status":"closed","ping_status":"closed","sticky":false,"template":"","format":"standard","meta":{"_monsterinsights_skip_tracking":false,"_monsterinsights_sitenote_active":false,"_monsterinsights_sitenote_note":"","_monsterinsights_sitenote_category":0,"ngg_post_thumbnail":0,"footnotes":""},"categories":[3,4],"tags":[],"class_list":["post-2952","post","type-post","status-publish","format-standard","has-post-thumbnail","hentry","category-natjecaji","category-projekti","category-3","category-4","description-off"],"aioseo_notices":[],"_links":{"self":[{"href":"https:\/\/dom-ilok.hr\/index.php?rest_route=\/wp\/v2\/posts\/2952","targetHints":{"allow":["GET"]}}],"collection":[{"href":"https:\/\/dom-ilok.hr\/index.php?rest_route=\/wp\/v2\/posts"}],"about":[{"href":"https:\/\/dom-ilok.hr\/index.php?rest_route=\/wp\/v2\/types\/post"}],"author":[{"embeddable":true,"href":"https:\/\/dom-ilok.hr\/index.php?rest_route=\/wp\/v2\/users\/1"}],"replies":[{"embeddable":true,"href":"https:\/\/dom-ilok.hr\/index.php?rest_route=%2Fwp%2Fv2%2Fcomments&post=2952"}],"version-history":[{"count":2,"href":"https:\/\/dom-ilok.hr\/index.php?rest_route=\/wp\/v2\/posts\/2952\/revisions"}],"predecessor-version":[{"id":3027,"href":"https:\/\/dom-ilok.hr\/index.php?rest_route=\/wp\/v2\/posts\/2952\/revisions\/3027"}],"wp:featuredmedia":[{"embeddable":true,"href":"https:\/\/dom-ilok.hr\/index.php?rest_route=\/wp\/v2\/media\/316"}],"wp:attachment":[{"href":"https:\/\/dom-ilok.hr\/index.php?rest_route=%2Fwp%2Fv2%2Fmedia&parent=2952"}],"wp:term":[{"taxonomy":"category","embeddable":true,"href":"https:\/\/dom-ilok.hr\/index.php?rest_route=%2Fwp%2Fv2%2Fcategories&post=2952"},{"taxonomy":"post_tag","embeddable":true,"href":"https:\/\/dom-ilok.hr\/index.php?rest_route=%2Fwp%2Fv2%2Ftags&post=2952"}],"curies":[{"name":"wp","href":"https:\/\/api.w.org\/{rel}","templated":true}]}}