{"id":29,"date":"2013-03-13T07:10:34","date_gmt":"2013-03-13T06:10:34","guid":{"rendered":"http:\/\/dom-ilok.hr\/?p=29"},"modified":"2018-05-22T07:13:01","modified_gmt":"2018-05-22T05:13:01","slug":"dom-ilok-obiljezio-dan-zena","status":"publish","type":"post","link":"https:\/\/dom-ilok.hr\/?p=29","title":{"rendered":"Dom Ilok obilje\u017eio Dan \u017eena"},"content":{"rendered":"<p style=\"text-align: justify;\">Dana 08.03.2013.god. u restoranu Doma je obilje\u017een Dan \u017eena te je tom prilikom svim korisnicama podijeljeno cvije\u0107e koje su izradili korisnici na radnoj terapiji.<\/p>\n<p><img loading=\"lazy\" decoding=\"async\" class=\"alignnone size-full wp-image-30\" src=\"http:\/\/dom-ilok.hr\/wp-content\/uploads\/2018\/05\/233826a67be66a810b23a263230da62e_L.jpg\" alt=\"\" width=\"600\" height=\"398\" srcset=\"https:\/\/dom-ilok.hr\/wp-content\/uploads\/2018\/05\/233826a67be66a810b23a263230da62e_L.jpg 600w, https:\/\/dom-ilok.hr\/wp-content\/uploads\/2018\/05\/233826a67be66a810b23a263230da62e_L-300x199.jpg 300w\" sizes=\"auto, (max-width: 600px) 100vw, 600px\" \/><\/p>\n<p><img loading=\"lazy\" decoding=\"async\" class=\"alignnone size-full wp-image-31\" src=\"http:\/\/dom-ilok.hr\/wp-content\/uploads\/2018\/05\/DanZena2.jpg\" alt=\"\" width=\"800\" height=\"531\" srcset=\"https:\/\/dom-ilok.hr\/wp-content\/uploads\/2018\/05\/DanZena2.jpg 800w, https:\/\/dom-ilok.hr\/wp-content\/uploads\/2018\/05\/DanZena2-300x199.jpg 300w, https:\/\/dom-ilok.hr\/wp-content\/uploads\/2018\/05\/DanZena2-768x510.jpg 768w\" sizes=\"auto, (max-width: 800px) 100vw, 800px\" \/><\/p>\n<p><img loading=\"lazy\" decoding=\"async\" class=\"alignnone size-full wp-image-32\" src=\"http:\/\/dom-ilok.hr\/wp-content\/uploads\/2018\/05\/DanZena3.jpg\" alt=\"\" width=\"800\" height=\"531\" srcset=\"https:\/\/dom-ilok.hr\/wp-content\/uploads\/2018\/05\/DanZena3.jpg 800w, https:\/\/dom-ilok.hr\/wp-content\/uploads\/2018\/05\/DanZena3-300x199.jpg 300w, https:\/\/dom-ilok.hr\/wp-content\/uploads\/2018\/05\/DanZena3-768x510.jpg 768w\" sizes=\"auto, (max-width: 800px) 100vw, 800px\" \/><\/p>\n","protected":false},"excerpt":{"rendered":"<p>Dana 08.03.2013.god. u restoranu Doma je obilje\u017een Dan \u017eena te je tom prilikom svim korisnicama podijeljeno cvije\u0107e koje su izradili korisnici na radnoj terapiji.<\/p>\n","protected":false},"author":1,"featured_media":32,"comment_status":"closed","ping_status":"closed","sticky":false,"template":"","format":"standard","meta":{"_monsterinsights_skip_tracking":false,"_monsterinsights_sitenote_active":false,"_monsterinsights_sitenote_note":"","_monsterinsights_sitenote_category":0,"ngg_post_thumbnail":0,"footnotes":""},"categories":[1],"tags":[],"class_list":["post-29","post","type-post","status-publish","format-standard","has-post-thumbnail","hentry","category-aktivnosti","category-1","description-off"],"aioseo_notices":[],"_links":{"self":[{"href":"https:\/\/dom-ilok.hr\/index.php?rest_route=\/wp\/v2\/posts\/29","targetHints":{"allow":["GET"]}}],"collection":[{"href":"https:\/\/dom-ilok.hr\/index.php?rest_route=\/wp\/v2\/posts"}],"about":[{"href":"https:\/\/dom-ilok.hr\/index.php?rest_route=\/wp\/v2\/types\/post"}],"author":[{"embeddable":true,"href":"https:\/\/dom-ilok.hr\/index.php?rest_route=\/wp\/v2\/users\/1"}],"replies":[{"embeddable":true,"href":"https:\/\/dom-ilok.hr\/index.php?rest_route=%2Fwp%2Fv2%2Fcomments&post=29"}],"version-history":[{"count":1,"href":"https:\/\/dom-ilok.hr\/index.php?rest_route=\/wp\/v2\/posts\/29\/revisions"}],"predecessor-version":[{"id":33,"href":"https:\/\/dom-ilok.hr\/index.php?rest_route=\/wp\/v2\/posts\/29\/revisions\/33"}],"wp:featuredmedia":[{"embeddable":true,"href":"https:\/\/dom-ilok.hr\/index.php?rest_route=\/wp\/v2\/media\/32"}],"wp:attachment":[{"href":"https:\/\/dom-ilok.hr\/index.php?rest_route=%2Fwp%2Fv2%2Fmedia&parent=29"}],"wp:term":[{"taxonomy":"category","embeddable":true,"href":"https:\/\/dom-ilok.hr\/index.php?rest_route=%2Fwp%2Fv2%2Fcategories&post=29"},{"taxonomy":"post_tag","embeddable":true,"href":"https:\/\/dom-ilok.hr\/index.php?rest_route=%2Fwp%2Fv2%2Ftags&post=29"}],"curies":[{"name":"wp","href":"https:\/\/api.w.org\/{rel}","templated":true}]}}