{"id":2881,"date":"2022-01-25T10:47:29","date_gmt":"2022-01-25T09:47:29","guid":{"rendered":"https:\/\/dom-ilok.hr\/?p=2881"},"modified":"2026-04-28T13:37:43","modified_gmt":"2026-04-28T11:37:43","slug":"projekt-srce-zajednice-kk-08-1-3-04-0034","status":"publish","type":"post","link":"https:\/\/dom-ilok.hr\/?p=2881","title":{"rendered":"Projekt: Srce zajednice (KK.08.1.3.04.0034)"},"content":{"rendered":"<p><img loading=\"lazy\" decoding=\"async\" class=\"alignnone wp-image-2882 size-large aligncenter\" src=\"https:\/\/dom-ilok.hr\/wp-content\/uploads\/2022\/01\/eu-1024x133.png\" alt=\"EU projekt\" width=\"1024\" height=\"133\" srcset=\"https:\/\/dom-ilok.hr\/wp-content\/uploads\/2022\/01\/eu-1024x133.png 1024w, https:\/\/dom-ilok.hr\/wp-content\/uploads\/2022\/01\/eu-300x39.png 300w, https:\/\/dom-ilok.hr\/wp-content\/uploads\/2022\/01\/eu-768x100.png 768w, https:\/\/dom-ilok.hr\/wp-content\/uploads\/2022\/01\/eu.png 1149w\" sizes=\"auto, (max-width: 1024px) 100vw, 1024px\" \/><\/p>\n<p>&nbsp;<\/p>\n<p style=\"text-align: left;\"><strong><img loading=\"lazy\" decoding=\"async\" class=\"alignnone size-medium wp-image-2883 aligncenter\" src=\"https:\/\/dom-ilok.hr\/wp-content\/uploads\/2022\/01\/srce-zajednice-300x182.jpg\" alt=\"projekt Srce zajednice\" width=\"300\" height=\"182\" srcset=\"https:\/\/dom-ilok.hr\/wp-content\/uploads\/2022\/01\/srce-zajednice-300x182.jpg 300w, https:\/\/dom-ilok.hr\/wp-content\/uploads\/2022\/01\/srce-zajednice.jpg 648w\" sizes=\"auto, (max-width: 300px) 100vw, 300px\" \/><\/strong><\/p>\n<p>&nbsp;<\/p>\n<p style=\"text-align: left;\"><strong>Naziv projekta: Srce zajednice (KK.08.1.3.04.0034)<\/strong><\/p>\n<p style=\"text-align: left;\"><strong>Vrijednost projekta: <\/strong>8.042.196,48 kuna<\/p>\n<p style=\"text-align: left;\"><strong>Iznos koji sufinancira EU<\/strong>: 8.042.196,48 kuna (100%)<\/p>\n<p style=\"text-align: left;\"><strong>Razdoblje provedbe projekta: <\/strong>30 mjeseci, zaklju\u010dno do 01.03.2023. godine<\/p>\n<p style=\"text-align: left;\"><strong>Nositelj projekta<\/strong>: Dom za starije i nemo\u0107ne osobe Ilok<\/p>\n<p style=\"text-align: left;\"><strong>Projektni partneri:<\/strong><\/p>\n<p style=\"text-align: left;\">Vukovarsko-srijemska \u017eupanija<\/p>\n<p style=\"text-align: left;\">Centar za socijalnu skrb Vukovar<\/p>\n<p style=\"text-align: left;\"><strong>Op\u0107i cilj projekta: <\/strong><\/p>\n<p style=\"text-align: left;\">Prevencija rane institucionalizacije, razvoj mre\u017ee izvaninstitucijskih usluga te smanjenja broja korisnika institucijskog oblika skrbi u Vukovarsko-srijemskoj \u017eupaniji<\/p>\n<p style=\"text-align: left;\"><strong>Specifi\u010dni ciljevi projekta:<\/strong><\/p>\n<ul style=\"text-align: left;\">\n<li>Unaprijediti socijalnu infrastrukturu Doma za starije i nemo\u0107ne osobe Ilok kroz omogu\u0107avanje usluge izvaninstitucijskog i poludnevnog boravka u rekonstruiranom prostoru kapaciteta 36 korisnika istovremeno<\/li>\n<li>Omogu\u0107iti dostupnost izvaninsitucijskih usluga starijim i nemo\u0107nim osobama te osobama sa invaliditetom na podru\u010dju Grada Iloka i okolice, novonabavljenim vozilima kroz organizirani prijevoz korisnika od\/do Doma za starije i nemo\u0107ne osobe Ilok te uslugu dostave toplih obroka i pranja rublja opremanjem kuhinje i praonice rublja<\/li>\n<li>Unaprijediti socijalnu uklju\u010denosti starijih i nemo\u0107nih osoba te osoba sa invaliditetom na podru\u010dju Grada Iloka i okolice kroz pru\u017eanje usluga u ku\u0107i te organizaciju aktivnosti za korisnike u izgra\u0111enim paviljonima:<\/li>\n<li>1 paviljon za osobe s Alzheimerovom demencijom<\/li>\n<li>2 paviljona za cjelodnevni boravak za osobe starije \u017eivotne dobi i osobe sa invaliditetom<\/li>\n<li>1 paviljon za besku\u0107nike<\/li>\n<li>1 paviljon za poludnevni boravak za osobe starije \u017eivotne dobi i osobe sa invaliditetom<\/li>\n<\/ul>\n<p style=\"text-align: left;\"><strong>Rezultati projekta:<\/strong><\/p>\n<ol style=\"text-align: left;\">\n<li>Unaprje\u0111ena kvaliteta postoje\u0107ih i razvoj novih izvaninstitucijskih socijalnih usluga kojima se prevenira institucionalizacija;<\/li>\n<li>Oja\u010dani kapaciteti stru\u010dnjaka za pru\u017eanje izvaninstitucijskih socijalnih usluga;<\/li>\n<li>Pove\u0107ana svijest javnosti o izvaninstitucijskim uslugama i pravu djece i mladih na \u017eivot u zajednici.<\/li>\n<\/ol>\n<p style=\"text-align: left;\"><strong>Za vi\u0161e informacija o projektu:<\/strong><\/p>\n<p style=\"text-align: left;\">Dom za starije i nemo\u0107ne osobe Ilok,<\/p>\n<p style=\"text-align: left;\">Sofija 2, 32236 Ilok<\/p>\n<p style=\"text-align: left;\">Tel.: 032\/592-703, 032\/592-700<\/p>\n<p style=\"text-align: left;\">Mobitel: 091\/603-7311<\/p>\n<p style=\"text-align: left;\">E-mail: <span style=\"text-decoration: underline; color: #3366ff;\"><em><a style=\"color: #3366ff; text-decoration: underline;\" href=\"mailto:domilok.mihaela@gmail.com\">domilok.mihaela@gmail.com<\/a><\/em><\/span><\/p>\n<p style=\"text-align: left;\">Kontakt-osoba: Mihaela Ran\u010dki, voditelj projekta<\/p>\n<p style=\"text-align: left;\"><strong>Za vi\u0161e informacija o EU fondovima:<\/strong> <em><u>&nbsp;<\/u><\/em><span style=\"text-decoration: underline; color: #3366ff;\"><a style=\"color: #3366ff;\" href=\"http:\/\/www.strukturnifondovi.hr\/\"><em>www.strukturnifondovi.hr<\/em><\/a><\/span><\/p>\n<p style=\"text-align: left;\">&nbsp;<\/p>\n<p style=\"text-align: center;\"><em>Projekt je sufinancirala Europska unija iz Europskog fonda za regionalni razvoj<\/em><\/p>\n<p style=\"text-align: center;\"><em><u>________________________________________________________________________<\/u><\/em><\/p>\n<p style=\"text-align: center;\"><em>Sadr\u017eaj objave isklju\u010diva je odgovornost Doma za starije i nemo\u0107ne osobe Ilok<\/em><\/p>\n","protected":false},"excerpt":{"rendered":"<p>&nbsp; &nbsp; Naziv projekta: Srce zajednice (KK.08.1.3.04.0034) Vrijednost projekta: 8.042.196,48 kuna Iznos koji sufinancira EU: 8.042.196,48 kuna (100%) Razdoblje provedbe projekta: 30 mjeseci, zaklju\u010dno do 01.03.2023. godine Nositelj projekta: Dom za starije i nemo\u0107ne osobe Ilok Projektni partneri: Vukovarsko-srijemska \u017eupanija Centar za socijalnu skrb Vukovar Op\u0107i cilj projekta: Prevencija rane institucionalizacije, razvoj mre\u017ee izvaninstitucijskih usluga&hellip;<\/p>\n","protected":false},"author":1,"featured_media":4399,"comment_status":"closed","ping_status":"closed","sticky":false,"template":"","format":"standard","meta":{"_monsterinsights_skip_tracking":false,"_monsterinsights_sitenote_active":false,"_monsterinsights_sitenote_note":"","_monsterinsights_sitenote_category":0,"ngg_post_thumbnail":0,"footnotes":""},"categories":[4],"tags":[],"class_list":["post-2881","post","type-post","status-publish","format-standard","has-post-thumbnail","hentry","category-projekti","category-4","description-off"],"aioseo_notices":[],"_links":{"self":[{"href":"https:\/\/dom-ilok.hr\/index.php?rest_route=\/wp\/v2\/posts\/2881","targetHints":{"allow":["GET"]}}],"collection":[{"href":"https:\/\/dom-ilok.hr\/index.php?rest_route=\/wp\/v2\/posts"}],"about":[{"href":"https:\/\/dom-ilok.hr\/index.php?rest_route=\/wp\/v2\/types\/post"}],"author":[{"embeddable":true,"href":"https:\/\/dom-ilok.hr\/index.php?rest_route=\/wp\/v2\/users\/1"}],"replies":[{"embeddable":true,"href":"https:\/\/dom-ilok.hr\/index.php?rest_route=%2Fwp%2Fv2%2Fcomments&post=2881"}],"version-history":[{"count":3,"href":"https:\/\/dom-ilok.hr\/index.php?rest_route=\/wp\/v2\/posts\/2881\/revisions"}],"predecessor-version":[{"id":4401,"href":"https:\/\/dom-ilok.hr\/index.php?rest_route=\/wp\/v2\/posts\/2881\/revisions\/4401"}],"wp:featuredmedia":[{"embeddable":true,"href":"https:\/\/dom-ilok.hr\/index.php?rest_route=\/wp\/v2\/media\/4399"}],"wp:attachment":[{"href":"https:\/\/dom-ilok.hr\/index.php?rest_route=%2Fwp%2Fv2%2Fmedia&parent=2881"}],"wp:term":[{"taxonomy":"category","embeddable":true,"href":"https:\/\/dom-ilok.hr\/index.php?rest_route=%2Fwp%2Fv2%2Fcategories&post=2881"},{"taxonomy":"post_tag","embeddable":true,"href":"https:\/\/dom-ilok.hr\/index.php?rest_route=%2Fwp%2Fv2%2Ftags&post=2881"}],"curies":[{"name":"wp","href":"https:\/\/api.w.org\/{rel}","templated":true}]}}