{"id":2762,"date":"2021-04-30T14:26:43","date_gmt":"2021-04-30T12:26:43","guid":{"rendered":"https:\/\/dom-ilok.hr\/?p=2762"},"modified":"2021-04-30T14:41:46","modified_gmt":"2021-04-30T12:41:46","slug":"odjel-za-oboljele-osobe-u-terminalnoj-fazi-bolesti","status":"publish","type":"post","link":"https:\/\/dom-ilok.hr\/?p=2762","title":{"rendered":"Odjel za oboljele osobe u terminalnoj fazi bolesti"},"content":{"rendered":"<p style=\"text-align: left;\">Dana 29.04.2021. u na\u0161oj ustanovi je sve\u010dano je otvoren Odjel za oboljele osobe u terminalnoj fazi bolesti.<\/p>\n<p style=\"text-align: left;\">Rekonstrukcija Odjela i ugradnja bolni\u010dkog dizala te opremanje medicinskom i drugom opremom financirana su sredstvima EU iz programa Interreg-IPA CBC Hrvatska-Srbija 2014-2020.<\/p>\n<p style=\"text-align: left;\">Odjel za osobe oboljele u terminalnoj fazi bolesti samo je jedan dio aktivnosti u sklopu projekta Support Life u kojem su partneri u projektu Udruga osoba sa invaliditetom Bubamara iz Vinkovaca, Dom zdravlja dr. Draga Ljo\u010di\u0107 iz \u0160apca i Caritas iz \u0160apca.<\/p>\n<p style=\"text-align: left;\">Ukupna vrijednost projekta iznosi 7.500.000,00 kuna a za rekonstrukciju Odjela, ugradnju bolni\u010dkog dizala i opremanje Odjela utro\u0161eno je 1.720.000,00 kuna.<\/p>\n<p style=\"text-align: left;\">Odjel za osobe oboljele u terminalnoj fazi bolesti ima 6 smje\u0161tajnih jedinica odnosno \u010detiri dvokrevetne i dvije jednokrevetne sobe ukupnog kapaciteta 10 le\u017eajeva. Sobe su opremljene svom potrebnom medicinskom i drugom opremom kako bi se pru\u017eila potrebna usluga korisniku te pobolj\u0161ala kvaliteta njegova \u017eivota.<\/p>\n<p style=\"text-align: left;\">Otvaranje Odjela za osobe oboljele u terminalnoj fazi bolesti od velike je va\u017enosti za Vukovarsko-srijemsku \u017eupaniju jer se otvaranjem Odjela pove\u0107avaju smje\u0161tajni kapaciteti za osobe oboljele u terminalnoj fazi bolesti kojih je u ovom trenutku u na\u0161oj \u017eupaniji nedovoljno, a potrebe za ovom vrstom usluge su sve ve\u0107e.<\/p>\n<p style=\"text-align: left;\">Otvaranju Odjela nazo\u010dili su dr\u017eavna tajnica Ministarstva rada, mirovinskoga sustava, obitelji i socijalne politike Marija Pletikosa, zamjenica pro\u010delnika za socijalnu skrb Vukovarsko-srijemske \u017eupanije Andrijana Dujmi\u0107, zamjenik gradona\u010delnice Grada Iloka Josip Kova\u010d, gvardijan samostana Sv. Ivan Kapistran fra Grgur Bla\u017eevi\u0107, predstavnica Upravnog vije\u0107a Doma Zrinka \u010cobankovi\u0107, partneri u projektu &#8211; direktor Caritas \u0160abac Miroljub Nikoli\u0107 i ravnateljica Doma zdravlja \u0160abac dr. Jasmina Stankovi\u0107 te predstavnici zdravstvenih, socijalnih i drugih ustanova Vukovarsko-srijemske \u017eupanije.<\/p>\n<p style=\"text-align: left;\">Zbog po\u0161tivanja epidemiolo\u0161kih mjera doga\u0111anje je odr\u017eano u Hotelu Dunav, dok je samo otvorenje Odjela prikazano videopozivom iz Doma za starije i nemo\u0107ne osobe.<\/p>\n<p>&nbsp;<\/p>\nngg_shortcode_0_placeholder\n","protected":false},"excerpt":{"rendered":"<p>Dana 29.04.2021. u na\u0161oj ustanovi je sve\u010dano je otvoren Odjel za oboljele osobe u terminalnoj fazi bolesti. Rekonstrukcija Odjela i ugradnja bolni\u010dkog dizala te opremanje medicinskom i drugom opremom financirana su sredstvima EU iz programa Interreg-IPA CBC Hrvatska-Srbija 2014-2020. Odjel za osobe oboljele u terminalnoj fazi bolesti samo je jedan dio aktivnosti u sklopu projekta&hellip;<\/p>\n","protected":false},"author":1,"featured_media":2763,"comment_status":"closed","ping_status":"closed","sticky":false,"template":"","format":"standard","meta":{"_monsterinsights_skip_tracking":false,"_monsterinsights_sitenote_active":false,"_monsterinsights_sitenote_note":"","_monsterinsights_sitenote_category":0,"ngg_post_thumbnail":0,"footnotes":""},"categories":[1],"tags":[],"class_list":["post-2762","post","type-post","status-publish","format-standard","has-post-thumbnail","hentry","category-aktivnosti","category-1","description-off"],"aioseo_notices":[],"_links":{"self":[{"href":"https:\/\/dom-ilok.hr\/index.php?rest_route=\/wp\/v2\/posts\/2762","targetHints":{"allow":["GET"]}}],"collection":[{"href":"https:\/\/dom-ilok.hr\/index.php?rest_route=\/wp\/v2\/posts"}],"about":[{"href":"https:\/\/dom-ilok.hr\/index.php?rest_route=\/wp\/v2\/types\/post"}],"author":[{"embeddable":true,"href":"https:\/\/dom-ilok.hr\/index.php?rest_route=\/wp\/v2\/users\/1"}],"replies":[{"embeddable":true,"href":"https:\/\/dom-ilok.hr\/index.php?rest_route=%2Fwp%2Fv2%2Fcomments&post=2762"}],"version-history":[{"count":3,"href":"https:\/\/dom-ilok.hr\/index.php?rest_route=\/wp\/v2\/posts\/2762\/revisions"}],"predecessor-version":[{"id":2766,"href":"https:\/\/dom-ilok.hr\/index.php?rest_route=\/wp\/v2\/posts\/2762\/revisions\/2766"}],"wp:featuredmedia":[{"embeddable":true,"href":"https:\/\/dom-ilok.hr\/index.php?rest_route=\/wp\/v2\/media\/2763"}],"wp:attachment":[{"href":"https:\/\/dom-ilok.hr\/index.php?rest_route=%2Fwp%2Fv2%2Fmedia&parent=2762"}],"wp:term":[{"taxonomy":"category","embeddable":true,"href":"https:\/\/dom-ilok.hr\/index.php?rest_route=%2Fwp%2Fv2%2Fcategories&post=2762"},{"taxonomy":"post_tag","embeddable":true,"href":"https:\/\/dom-ilok.hr\/index.php?rest_route=%2Fwp%2Fv2%2Ftags&post=2762"}],"curies":[{"name":"wp","href":"https:\/\/api.w.org\/{rel}","templated":true}]}}