{"id":2749,"date":"2021-03-30T15:47:42","date_gmt":"2021-03-30T13:47:42","guid":{"rendered":"https:\/\/dom-ilok.hr\/?p=2749"},"modified":"2026-04-28T13:29:26","modified_gmt":"2026-04-28T11:29:26","slug":"drugi-sastanak-projektnog-tima-projekta-srce-zajednice","status":"publish","type":"post","link":"https:\/\/dom-ilok.hr\/?p=2749","title":{"rendered":"Drugi sastanak projektnog tima projekta Srce zajednice"},"content":{"rendered":"<p style=\"text-align: left;\">Danas je u na\u0161oj ustanovi odr\u017ean drugi sastanak projektnog tima projekta Srce zajednice. Na sastanku su sudjelovali predstavnici Vukovarsko-srijemske \u017eupanije, Centra za socijalnu skrb Vukovar, Razvojne Agencije Vukovarsko-srijemske \u017eupanije i na\u0161e ustanove.<\/p>\n<p style=\"text-align: left;\">Na sastanku je podnijeto izvje\u0161\u0107e o aktivnostima koje su u provedbi i aktivnostima koje \u0107e se provoditi u narednom razdoblju te su svim \u010dlanovima projektnog tima uru\u010deni promid\u017ebeni materijali projekta.<\/p>\n<p>&nbsp;<\/p>\nngg_shortcode_0_placeholder\n","protected":false},"excerpt":{"rendered":"<p>Danas je u na\u0161oj ustanovi odr\u017ean drugi sastanak projektnog tima projekta Srce zajednice. Na sastanku su sudjelovali predstavnici Vukovarsko-srijemske \u017eupanije, Centra za socijalnu skrb Vukovar, Razvojne Agencije Vukovarsko-srijemske \u017eupanije i na\u0161e ustanove. Na sastanku je podnijeto izvje\u0161\u0107e o aktivnostima koje su u provedbi i aktivnostima koje \u0107e se provoditi u narednom razdoblju te su svim&hellip;<\/p>\n","protected":false},"author":1,"featured_media":2756,"comment_status":"closed","ping_status":"closed","sticky":false,"template":"","format":"standard","meta":{"_monsterinsights_skip_tracking":false,"_monsterinsights_sitenote_active":false,"_monsterinsights_sitenote_note":"","_monsterinsights_sitenote_category":0,"ngg_post_thumbnail":0,"footnotes":""},"categories":[1,19,4],"tags":[],"class_list":["post-2749","post","type-post","status-publish","format-standard","has-post-thumbnail","hentry","category-aktivnosti","category-projekt-srce-zajednice-aktivnosti","category-projekti","category-1","category-19","category-4","description-off"],"aioseo_notices":[],"_links":{"self":[{"href":"https:\/\/dom-ilok.hr\/index.php?rest_route=\/wp\/v2\/posts\/2749","targetHints":{"allow":["GET"]}}],"collection":[{"href":"https:\/\/dom-ilok.hr\/index.php?rest_route=\/wp\/v2\/posts"}],"about":[{"href":"https:\/\/dom-ilok.hr\/index.php?rest_route=\/wp\/v2\/types\/post"}],"author":[{"embeddable":true,"href":"https:\/\/dom-ilok.hr\/index.php?rest_route=\/wp\/v2\/users\/1"}],"replies":[{"embeddable":true,"href":"https:\/\/dom-ilok.hr\/index.php?rest_route=%2Fwp%2Fv2%2Fcomments&post=2749"}],"version-history":[{"count":2,"href":"https:\/\/dom-ilok.hr\/index.php?rest_route=\/wp\/v2\/posts\/2749\/revisions"}],"predecessor-version":[{"id":2758,"href":"https:\/\/dom-ilok.hr\/index.php?rest_route=\/wp\/v2\/posts\/2749\/revisions\/2758"}],"wp:featuredmedia":[{"embeddable":true,"href":"https:\/\/dom-ilok.hr\/index.php?rest_route=\/wp\/v2\/media\/2756"}],"wp:attachment":[{"href":"https:\/\/dom-ilok.hr\/index.php?rest_route=%2Fwp%2Fv2%2Fmedia&parent=2749"}],"wp:term":[{"taxonomy":"category","embeddable":true,"href":"https:\/\/dom-ilok.hr\/index.php?rest_route=%2Fwp%2Fv2%2Fcategories&post=2749"},{"taxonomy":"post_tag","embeddable":true,"href":"https:\/\/dom-ilok.hr\/index.php?rest_route=%2Fwp%2Fv2%2Ftags&post=2749"}],"curies":[{"name":"wp","href":"https:\/\/api.w.org\/{rel}","templated":true}]}}