{"id":2591,"date":"2019-10-01T17:25:16","date_gmt":"2019-10-01T15:25:16","guid":{"rendered":"https:\/\/dom-ilok.hr\/?p=2591"},"modified":"2019-10-22T17:26:46","modified_gmt":"2019-10-22T15:26:46","slug":"medunarodni-dan-starijih-osoba-2019-g","status":"publish","type":"post","link":"https:\/\/dom-ilok.hr\/?p=2591","title":{"rendered":"Me\u0111unarodni dan starijih osoba 2019. g."},"content":{"rendered":"<p style=\"text-align: justify;\">Danas smo u na\u0161oj ustanovi obilje\u017eili Me\u0111unarodni dan starijih osoba sa svojim korisnicima i gostima koji su uveli\u010dali ovu proslavu. Tom prigodom, sudionici programa: predstavnici Centra za socijalnu skrb, Grada Iloka, Hrvatske udruge umirovljenika grada Iloka i Doma za starije i nemo\u0107ne osobe informirali su prisutne o pravima i uslugama koje im stoje na raspolaganju na podru\u010dju Grada Iloka. U programu su tako\u0111er sudjelovali korisnici Doma za starije i nemo\u0107ne osobe te u\u010denici Osnovne \u0161kole Ilok svojim recitacijama. Ovim putem svim osobama starije \u017eivotne dobi \u010destitamo njihov dan!<\/p>\n<p>&nbsp;<\/p>\nngg_shortcode_0_placeholder\n","protected":false},"excerpt":{"rendered":"<p>Danas smo u na\u0161oj ustanovi obilje\u017eili Me\u0111unarodni dan starijih osoba sa svojim korisnicima i gostima koji su uveli\u010dali ovu proslavu. Tom prigodom, sudionici programa: predstavnici Centra za socijalnu skrb, Grada Iloka, Hrvatske udruge umirovljenika grada Iloka i Doma za starije i nemo\u0107ne osobe informirali su prisutne o pravima i uslugama koje im stoje na raspolaganju&hellip;<\/p>\n","protected":false},"author":1,"featured_media":2592,"comment_status":"closed","ping_status":"closed","sticky":false,"template":"","format":"standard","meta":{"_monsterinsights_skip_tracking":false,"_monsterinsights_sitenote_active":false,"_monsterinsights_sitenote_note":"","_monsterinsights_sitenote_category":0,"ngg_post_thumbnail":0,"footnotes":""},"categories":[1],"tags":[],"class_list":["post-2591","post","type-post","status-publish","format-standard","has-post-thumbnail","hentry","category-aktivnosti","category-1","description-off"],"aioseo_notices":[],"_links":{"self":[{"href":"https:\/\/dom-ilok.hr\/index.php?rest_route=\/wp\/v2\/posts\/2591","targetHints":{"allow":["GET"]}}],"collection":[{"href":"https:\/\/dom-ilok.hr\/index.php?rest_route=\/wp\/v2\/posts"}],"about":[{"href":"https:\/\/dom-ilok.hr\/index.php?rest_route=\/wp\/v2\/types\/post"}],"author":[{"embeddable":true,"href":"https:\/\/dom-ilok.hr\/index.php?rest_route=\/wp\/v2\/users\/1"}],"replies":[{"embeddable":true,"href":"https:\/\/dom-ilok.hr\/index.php?rest_route=%2Fwp%2Fv2%2Fcomments&post=2591"}],"version-history":[{"count":1,"href":"https:\/\/dom-ilok.hr\/index.php?rest_route=\/wp\/v2\/posts\/2591\/revisions"}],"predecessor-version":[{"id":2593,"href":"https:\/\/dom-ilok.hr\/index.php?rest_route=\/wp\/v2\/posts\/2591\/revisions\/2593"}],"wp:featuredmedia":[{"embeddable":true,"href":"https:\/\/dom-ilok.hr\/index.php?rest_route=\/wp\/v2\/media\/2592"}],"wp:attachment":[{"href":"https:\/\/dom-ilok.hr\/index.php?rest_route=%2Fwp%2Fv2%2Fmedia&parent=2591"}],"wp:term":[{"taxonomy":"category","embeddable":true,"href":"https:\/\/dom-ilok.hr\/index.php?rest_route=%2Fwp%2Fv2%2Fcategories&post=2591"},{"taxonomy":"post_tag","embeddable":true,"href":"https:\/\/dom-ilok.hr\/index.php?rest_route=%2Fwp%2Fv2%2Ftags&post=2591"}],"curies":[{"name":"wp","href":"https:\/\/api.w.org\/{rel}","templated":true}]}}