{"id":2408,"date":"2019-05-17T09:01:42","date_gmt":"2019-05-17T07:01:42","guid":{"rendered":"https:\/\/dom-ilok.hr\/?p=2408"},"modified":"2019-06-05T09:06:55","modified_gmt":"2019-06-05T07:06:55","slug":"hrvatska-volontira-svibanj-2019","status":"publish","type":"post","link":"https:\/\/dom-ilok.hr\/?p=2408","title":{"rendered":"Hrvatska volontira &#8211; svibanj 2019."},"content":{"rendered":"<p style=\"text-align: justify;\">Djelatnici Doma za starije i nemo\u0107ne osobe Ilok \u0107e se ove godine priklju\u010diti svibanjskoj kampanji Hrvatska volontira ure\u0111ivanjem oku\u0107nice i prostora za stanovanje osobi starije \u017eivotne dobi. Ukoliko u va\u0161em susjedstvu poznate stariju osobu kojoj je potrebno urediti oku\u0107nicu i dom u kojem \u017eivi javite nam u inbox kako bi pomogli najpotrebnijim. Akciju \u0107emo provesti dana 22. svibnja 2019.god. Promotivni video pogledajte u nastavku!<\/p>\n<p>&nbsp;<\/p>\n<div id=\"fb-root\"><\/div>\n<p><script async=\"1\" defer=\"1\" crossorigin=\"anonymous\" src=\"https:\/\/connect.facebook.net\/hr_HR\/sdk.js#xfbml=1&amp;version=v3.3\"><\/script><\/p>\n<div class=\"fb-video\" data-href=\"https:\/\/www.facebook.com\/dom.ilok\/videos\/pcb.2040895632699707\/2040888519367085\/?type=3&amp;theater\" data-width=\"1200\">\n<blockquote cite=\"https:\/\/www.facebook.com\/dom.ilok\/videos\/2040888519367085\/\" class=\"fb-xfbml-parse-ignore\"><p><a href=\"https:\/\/www.facebook.com\/dom.ilok\/videos\/2040888519367085\/\"><\/a><\/p>\n<p>Objavljuje <a href=\"https:\/\/www.facebook.com\/dom.ilok\">Dom Starih Ilok<\/a> u Petak, 17. svibnja 2019.<\/p><\/blockquote>\n<\/div>\n<p><span style=\"text-decoration: underline; color: #3366ff;\"><em><a style=\"color: #3366ff; text-decoration: underline;\" href=\"https:\/\/www.hrvatska.volontira.vcz.hr\/?fbclid=IwAR1TLHK3EIj2ewcPHBoKaSX0neq9uhXqnf_80YPaJm62_DKlDv1eaqSWHz8\" target=\"_blank\" rel=\"noopener\">https:\/\/www.hrvatska.volontira.vcz.hr\/?fbclid=IwAR1TLHK3EIj2ewcPHBoKaSX0neq9uhXqnf_80YPaJm62_DKlDv1eaqSWHz8<\/a><\/em><\/span><\/p>\n<p>&nbsp;<\/p>\nngg_shortcode_0_placeholder\n<p>&nbsp;<\/p>\n<p>&nbsp;<\/p>\n","protected":false},"excerpt":{"rendered":"<p>Djelatnici Doma za starije i nemo\u0107ne osobe Ilok \u0107e se ove godine priklju\u010diti svibanjskoj kampanji Hrvatska volontira ure\u0111ivanjem oku\u0107nice i prostora za stanovanje osobi starije \u017eivotne dobi. Ukoliko u va\u0161em susjedstvu poznate stariju osobu kojoj je potrebno urediti oku\u0107nicu i dom u kojem \u017eivi javite nam u inbox kako bi pomogli najpotrebnijim. Akciju \u0107emo provesti&hellip;<\/p>\n","protected":false},"author":1,"featured_media":2413,"comment_status":"closed","ping_status":"closed","sticky":false,"template":"","format":"standard","meta":{"_monsterinsights_skip_tracking":false,"_monsterinsights_sitenote_active":false,"_monsterinsights_sitenote_note":"","_monsterinsights_sitenote_category":0,"ngg_post_thumbnail":0,"footnotes":""},"categories":[1],"tags":[],"class_list":["post-2408","post","type-post","status-publish","format-standard","has-post-thumbnail","hentry","category-aktivnosti","category-1","description-off"],"aioseo_notices":[],"_links":{"self":[{"href":"https:\/\/dom-ilok.hr\/index.php?rest_route=\/wp\/v2\/posts\/2408","targetHints":{"allow":["GET"]}}],"collection":[{"href":"https:\/\/dom-ilok.hr\/index.php?rest_route=\/wp\/v2\/posts"}],"about":[{"href":"https:\/\/dom-ilok.hr\/index.php?rest_route=\/wp\/v2\/types\/post"}],"author":[{"embeddable":true,"href":"https:\/\/dom-ilok.hr\/index.php?rest_route=\/wp\/v2\/users\/1"}],"replies":[{"embeddable":true,"href":"https:\/\/dom-ilok.hr\/index.php?rest_route=%2Fwp%2Fv2%2Fcomments&post=2408"}],"version-history":[{"count":3,"href":"https:\/\/dom-ilok.hr\/index.php?rest_route=\/wp\/v2\/posts\/2408\/revisions"}],"predecessor-version":[{"id":2425,"href":"https:\/\/dom-ilok.hr\/index.php?rest_route=\/wp\/v2\/posts\/2408\/revisions\/2425"}],"wp:featuredmedia":[{"embeddable":true,"href":"https:\/\/dom-ilok.hr\/index.php?rest_route=\/wp\/v2\/media\/2413"}],"wp:attachment":[{"href":"https:\/\/dom-ilok.hr\/index.php?rest_route=%2Fwp%2Fv2%2Fmedia&parent=2408"}],"wp:term":[{"taxonomy":"category","embeddable":true,"href":"https:\/\/dom-ilok.hr\/index.php?rest_route=%2Fwp%2Fv2%2Fcategories&post=2408"},{"taxonomy":"post_tag","embeddable":true,"href":"https:\/\/dom-ilok.hr\/index.php?rest_route=%2Fwp%2Fv2%2Ftags&post=2408"}],"curies":[{"name":"wp","href":"https:\/\/api.w.org\/{rel}","templated":true}]}}