{"id":240,"date":"2015-10-15T08:29:55","date_gmt":"2015-10-15T06:29:55","guid":{"rendered":"http:\/\/dom-ilok.hr\/?p=240"},"modified":"2018-05-22T08:31:20","modified_gmt":"2018-05-22T06:31:20","slug":"obiljezen-medunarodni-dan-starijih-osoba","status":"publish","type":"post","link":"https:\/\/dom-ilok.hr\/?p=240","title":{"rendered":"Obilje\u017een Me\u0111unarodni dan starijih osoba"},"content":{"rendered":"<p style=\"text-align: justify;\">Dana 01.10.2015. Dom za starije i nemo\u0107ne osobe Ilok i grad Ilok organizirali su obilje\u017eavanje Me\u0111unarodnog dana starijih osoba u gradu Iloku. Program obilje\u017eavanja po\u010deo je u 10,00 sati u Domu za starije i nemo\u0107ne osobe Ilok te je nakon pozdravnog govora ravnateljice i gradona\u010delnika uslijedila pripredba u kojoj su sudjelovala u\u010denici O\u0160 &#8220;Julija Bene\u0161i\u0107a Ilok&#8221; i korisnici Doma.<\/p>\nngg_shortcode_0_placeholder\n","protected":false},"excerpt":{"rendered":"<p>Dana 01.10.2015. Dom za starije i nemo\u0107ne osobe Ilok i grad Ilok organizirali su obilje\u017eavanje Me\u0111unarodnog dana starijih osoba u gradu Iloku. Program obilje\u017eavanja po\u010deo je u 10,00 sati u Domu za starije i nemo\u0107ne osobe Ilok te je nakon pozdravnog govora ravnateljice i gradona\u010delnika uslijedila pripredba u kojoj su sudjelovala u\u010denici O\u0160 &#8220;Julija Bene\u0161i\u0107a&hellip;<\/p>\n","protected":false},"author":1,"featured_media":241,"comment_status":"closed","ping_status":"closed","sticky":false,"template":"","format":"standard","meta":{"_monsterinsights_skip_tracking":false,"_monsterinsights_sitenote_active":false,"_monsterinsights_sitenote_note":"","_monsterinsights_sitenote_category":0,"ngg_post_thumbnail":0,"footnotes":""},"categories":[1],"tags":[],"class_list":["post-240","post","type-post","status-publish","format-standard","has-post-thumbnail","hentry","category-aktivnosti","category-1","description-off"],"aioseo_notices":[],"_links":{"self":[{"href":"https:\/\/dom-ilok.hr\/index.php?rest_route=\/wp\/v2\/posts\/240","targetHints":{"allow":["GET"]}}],"collection":[{"href":"https:\/\/dom-ilok.hr\/index.php?rest_route=\/wp\/v2\/posts"}],"about":[{"href":"https:\/\/dom-ilok.hr\/index.php?rest_route=\/wp\/v2\/types\/post"}],"author":[{"embeddable":true,"href":"https:\/\/dom-ilok.hr\/index.php?rest_route=\/wp\/v2\/users\/1"}],"replies":[{"embeddable":true,"href":"https:\/\/dom-ilok.hr\/index.php?rest_route=%2Fwp%2Fv2%2Fcomments&post=240"}],"version-history":[{"count":1,"href":"https:\/\/dom-ilok.hr\/index.php?rest_route=\/wp\/v2\/posts\/240\/revisions"}],"predecessor-version":[{"id":250,"href":"https:\/\/dom-ilok.hr\/index.php?rest_route=\/wp\/v2\/posts\/240\/revisions\/250"}],"wp:featuredmedia":[{"embeddable":true,"href":"https:\/\/dom-ilok.hr\/index.php?rest_route=\/wp\/v2\/media\/241"}],"wp:attachment":[{"href":"https:\/\/dom-ilok.hr\/index.php?rest_route=%2Fwp%2Fv2%2Fmedia&parent=240"}],"wp:term":[{"taxonomy":"category","embeddable":true,"href":"https:\/\/dom-ilok.hr\/index.php?rest_route=%2Fwp%2Fv2%2Fcategories&post=240"},{"taxonomy":"post_tag","embeddable":true,"href":"https:\/\/dom-ilok.hr\/index.php?rest_route=%2Fwp%2Fv2%2Ftags&post=240"}],"curies":[{"name":"wp","href":"https:\/\/api.w.org\/{rel}","templated":true}]}}