{"id":231,"date":"2015-04-08T08:28:06","date_gmt":"2015-04-08T06:28:06","guid":{"rendered":"http:\/\/dom-ilok.hr\/?p=231"},"modified":"2018-05-22T08:29:24","modified_gmt":"2018-05-22T06:29:24","slug":"posjeta-nacelnice-opcine-lovas-i-udruge-zena-opcine-lovas","status":"publish","type":"post","link":"https:\/\/dom-ilok.hr\/?p=231","title":{"rendered":"Posjeta na\u010delnice Op\u0107ine Lovas i Udruge \u017eena Op\u0107ine Lovas"},"content":{"rendered":"<p style=\"text-align: justify;\">Povodom predstoje\u0107eg kr\u0161\u0107anskog blagdana Uskrsa na\u010delnica Op\u0107ine Lovas, Tanja Pa\u0161a sa svojim djelatnicima posjetila je svoje mje\u0161tane smje\u0161tene u na\u0161oj ustanovi te ih prigodno darivala a Udruga \u017eena Op\u0107ine Lovas sa predsjednicom Sne\u017eanom Gr\u010danac je doma\u0107im kola\u010dima razveselila sve prisutne.<\/p>\nngg_shortcode_0_placeholder\n","protected":false},"excerpt":{"rendered":"<p>Povodom predstoje\u0107eg kr\u0161\u0107anskog blagdana Uskrsa na\u010delnica Op\u0107ine Lovas, Tanja Pa\u0161a sa svojim djelatnicima posjetila je svoje mje\u0161tane smje\u0161tene u na\u0161oj ustanovi te ih prigodno darivala a Udruga \u017eena Op\u0107ine Lovas sa predsjednicom Sne\u017eanom Gr\u010danac je doma\u0107im kola\u010dima razveselila sve prisutne. &#8221; order_by=&#8221;sortorder&#8221; order_direction=&#8221;ASC&#8221; returns=&#8221;included&#8221; maximum_entity_count=&#8221;500&#8243;]<\/p>\n","protected":false},"author":1,"featured_media":232,"comment_status":"closed","ping_status":"closed","sticky":false,"template":"","format":"standard","meta":{"_monsterinsights_skip_tracking":false,"_monsterinsights_sitenote_active":false,"_monsterinsights_sitenote_note":"","_monsterinsights_sitenote_category":0,"ngg_post_thumbnail":0,"footnotes":""},"categories":[1],"tags":[],"class_list":["post-231","post","type-post","status-publish","format-standard","has-post-thumbnail","hentry","category-aktivnosti","category-1","description-off"],"aioseo_notices":[],"_links":{"self":[{"href":"https:\/\/dom-ilok.hr\/index.php?rest_route=\/wp\/v2\/posts\/231","targetHints":{"allow":["GET"]}}],"collection":[{"href":"https:\/\/dom-ilok.hr\/index.php?rest_route=\/wp\/v2\/posts"}],"about":[{"href":"https:\/\/dom-ilok.hr\/index.php?rest_route=\/wp\/v2\/types\/post"}],"author":[{"embeddable":true,"href":"https:\/\/dom-ilok.hr\/index.php?rest_route=\/wp\/v2\/users\/1"}],"replies":[{"embeddable":true,"href":"https:\/\/dom-ilok.hr\/index.php?rest_route=%2Fwp%2Fv2%2Fcomments&post=231"}],"version-history":[{"count":1,"href":"https:\/\/dom-ilok.hr\/index.php?rest_route=\/wp\/v2\/posts\/231\/revisions"}],"predecessor-version":[{"id":239,"href":"https:\/\/dom-ilok.hr\/index.php?rest_route=\/wp\/v2\/posts\/231\/revisions\/239"}],"wp:featuredmedia":[{"embeddable":true,"href":"https:\/\/dom-ilok.hr\/index.php?rest_route=\/wp\/v2\/media\/232"}],"wp:attachment":[{"href":"https:\/\/dom-ilok.hr\/index.php?rest_route=%2Fwp%2Fv2%2Fmedia&parent=231"}],"wp:term":[{"taxonomy":"category","embeddable":true,"href":"https:\/\/dom-ilok.hr\/index.php?rest_route=%2Fwp%2Fv2%2Fcategories&post=231"},{"taxonomy":"post_tag","embeddable":true,"href":"https:\/\/dom-ilok.hr\/index.php?rest_route=%2Fwp%2Fv2%2Ftags&post=231"}],"curies":[{"name":"wp","href":"https:\/\/api.w.org\/{rel}","templated":true}]}}