{"id":1838,"date":"2018-08-14T08:42:41","date_gmt":"2018-08-14T06:42:41","guid":{"rendered":"http:\/\/dom-ilok.hr\/?p=1838"},"modified":"2018-08-14T08:42:41","modified_gmt":"2018-08-14T06:42:41","slug":"kreativno-zlatno-doba-ii","status":"publish","type":"post","link":"https:\/\/dom-ilok.hr\/?p=1838","title":{"rendered":"KREATIVNO ZLATNO DOBA II"},"content":{"rendered":"<p style=\"text-align: justify;\">Kao nastavak uspje\u0161no odra\u0111enog projekta Kreativno zlatno doba za koji su sudionici pokazali veliko zadovoljstvo za provedene aktivnosti&nbsp; i cjelokupnu organizaciju Dom za starije i nemo\u0107ne godine je prijavio projekt Kreativno zlatno doba II.<\/p>\n<p style=\"text-align: justify;\">Projekt je proveden u vremenskom periodu od 01.06.-30.11.2017. te su se provodile iste aktivnosti.<\/p>\n<p style=\"text-align: justify;\">U projektu je sudjelovalo 37 polaznika u dobi od 60-80 godina koji su kroz ukupno trajanje projekta na kreativnim radionicama izradili 63 predmeta od glinamola i parafina, 122 predmeta kreiranih salvetnom tehnikom, 158 predmeta izra\u0111enih oslikavanjem na staklu i 260 predmeta izra\u0111enih tehnikom ukra\u0161avanja tkaninom.&nbsp; U implementaciju aktivnosti se uklju\u010dilo 8 volontera koji su svoje vrijeme posvetili za dru\u017eenje sa polaznicima kroz razne dru\u0161tvene igre te \u010ditanje.<\/p>\n<p style=\"text-align: justify;\">Pojedine aktivnosti projekta su produljene na mjesec prosinac kako bi polaznici projekta sudjelovali u zavr\u0161noj bo\u017ei\u0107noj priredbi u Domu te na bo\u017ei\u0107nom sajmu u gradu Iloku gdje su izlo\u017eili svoje radove.<\/p>\n<p style=\"text-align: justify;\">Ukupna vrijednost projekta 77.000 kn. Ministarstvo za demografiju, obitelj, mlade i socijalnu politiku je financiralo projekt u iznosu od 64.000kn, a ostatak sredstava su sufinancirali Vukovarsko-srijemska \u017eupanija sa iznosom od 8.000 kn i Grad Ilok sa 5.000kn.<\/p>\n<p><span style=\"text-decoration: underline; color: #3366ff;\"><em><a style=\"color: #3366ff; text-decoration: underline;\" href=\"http:\/\/dom-ilok.hr\/wp-content\/uploads\/2018\/08\/Kreativno-zlatno-doba-2.pdf\" target=\"_blank\" rel=\"noopener\">Kreativno zlatno doba 2<\/a><\/em><\/span>&nbsp;(pdf)<\/p>\n<p>&nbsp;<\/p>\nngg_shortcode_0_placeholder\n","protected":false},"excerpt":{"rendered":"<p>Kao nastavak uspje\u0161no odra\u0111enog projekta Kreativno zlatno doba za koji su sudionici pokazali veliko zadovoljstvo za provedene aktivnosti&nbsp; i cjelokupnu organizaciju Dom za starije i nemo\u0107ne godine je prijavio projekt Kreativno zlatno doba II. Projekt je proveden u vremenskom periodu od 01.06.-30.11.2017. te su se provodile iste aktivnosti. U projektu je sudjelovalo 37 polaznika u&hellip;<\/p>\n","protected":false},"author":1,"featured_media":1839,"comment_status":"closed","ping_status":"closed","sticky":false,"template":"","format":"standard","meta":{"_monsterinsights_skip_tracking":false,"_monsterinsights_sitenote_active":false,"_monsterinsights_sitenote_note":"","_monsterinsights_sitenote_category":0,"ngg_post_thumbnail":0,"footnotes":""},"categories":[4],"tags":[],"class_list":["post-1838","post","type-post","status-publish","format-standard","has-post-thumbnail","hentry","category-projekti","category-4","description-off"],"aioseo_notices":[],"_links":{"self":[{"href":"https:\/\/dom-ilok.hr\/index.php?rest_route=\/wp\/v2\/posts\/1838","targetHints":{"allow":["GET"]}}],"collection":[{"href":"https:\/\/dom-ilok.hr\/index.php?rest_route=\/wp\/v2\/posts"}],"about":[{"href":"https:\/\/dom-ilok.hr\/index.php?rest_route=\/wp\/v2\/types\/post"}],"author":[{"embeddable":true,"href":"https:\/\/dom-ilok.hr\/index.php?rest_route=\/wp\/v2\/users\/1"}],"replies":[{"embeddable":true,"href":"https:\/\/dom-ilok.hr\/index.php?rest_route=%2Fwp%2Fv2%2Fcomments&post=1838"}],"version-history":[{"count":1,"href":"https:\/\/dom-ilok.hr\/index.php?rest_route=\/wp\/v2\/posts\/1838\/revisions"}],"predecessor-version":[{"id":1841,"href":"https:\/\/dom-ilok.hr\/index.php?rest_route=\/wp\/v2\/posts\/1838\/revisions\/1841"}],"wp:featuredmedia":[{"embeddable":true,"href":"https:\/\/dom-ilok.hr\/index.php?rest_route=\/wp\/v2\/media\/1839"}],"wp:attachment":[{"href":"https:\/\/dom-ilok.hr\/index.php?rest_route=%2Fwp%2Fv2%2Fmedia&parent=1838"}],"wp:term":[{"taxonomy":"category","embeddable":true,"href":"https:\/\/dom-ilok.hr\/index.php?rest_route=%2Fwp%2Fv2%2Fcategories&post=1838"},{"taxonomy":"post_tag","embeddable":true,"href":"https:\/\/dom-ilok.hr\/index.php?rest_route=%2Fwp%2Fv2%2Ftags&post=1838"}],"curies":[{"name":"wp","href":"https:\/\/api.w.org\/{rel}","templated":true}]}}