{"id":1778,"date":"2018-08-06T12:12:36","date_gmt":"2018-08-06T10:12:36","guid":{"rendered":"http:\/\/dom-ilok.hr\/?p=1778"},"modified":"2018-08-06T12:14:07","modified_gmt":"2018-08-06T10:14:07","slug":"obavijest-o-izboru-kandidata-kadidatkinje","status":"publish","type":"post","link":"https:\/\/dom-ilok.hr\/?p=1778","title":{"rendered":"Obavijest o izboru kandidata\/kadidatkinje"},"content":{"rendered":"<p style=\"text-align: justify;\">Na temelju \u010dl. 33. Statuta Doma za starije i nemo\u0107ne osobe Ilok, u vezi sa \u010dl. 4., 5., i 22. Pravilnika o radu Doma, po provedenom natje\u010dajnom postupku ravnateljica Doma za starije i nemo\u0107ne osobe Ilok donosi sljede\u0107u<\/p>\n<p style=\"text-align: center;\"><strong>OBAVIJEST<\/strong><br \/>\n<em><strong>o izboru kandidata\/kandidatkinje za obavljanje poslova radnog mjesta<\/strong><\/em><\/p>\n<ul>\n<li>njegovatelj\/ica<\/li>\n<li>kuhar\/ica<\/li>\n<li>\u010dista\u010d\/ica<\/li>\n<\/ul>\n<p>&nbsp;<\/p>\n<p style=\"text-align: justify;\">Sukladno natje\u010daju koji je objavljen dana 6.7.2018. g. za izbor kandidata\/kandidatkinje za radno mjesto:<\/p>\n<ol>\n<li><strong>njegovatelj\/ica<\/strong>, izabrane su dvije osobe:<br \/>\nIvona Bo\u0161njak iz Iloka<br \/>\nBranimir Vrbanac iz Iloka<\/li>\n<li><strong>kuhar\/ica<\/strong>, izabrana je jedna osoba:<br \/>\nGoran Popovi\u0107 iz Mohova<\/li>\n<li><strong>\u010dista\u010d\/ica<\/strong>, izabrana jejedna osoba:<br \/>\nMarina Badikovi\u0107 iz Bapske<\/li>\n<\/ol>\n<p>&nbsp;<\/p>\n<p><a href=\"http:\/\/dom-ilok.hr\/wp-content\/uploads\/2018\/08\/Obavijest-o-izboru-kandidata-kinja.pdf\" target=\"_blank\" rel=\"noopener\"><span style=\"text-decoration: underline; color: #3366ff;\"><em>Obavijest o izboru kandidata-kinja<\/em><\/span><\/a>&nbsp;(pdf)<\/p>\n<p>&nbsp;<\/p>\n<p>&nbsp;<\/p>\n","protected":false},"excerpt":{"rendered":"<p>Na temelju \u010dl. 33. Statuta Doma za starije i nemo\u0107ne osobe Ilok, u vezi sa \u010dl. 4., 5., i 22. Pravilnika o radu Doma, po provedenom natje\u010dajnom postupku ravnateljica Doma za starije i nemo\u0107ne osobe Ilok donosi sljede\u0107u OBAVIJEST o izboru kandidata\/kandidatkinje za obavljanje poslova radnog mjesta njegovatelj\/ica kuhar\/ica \u010dista\u010d\/ica &nbsp; Sukladno natje\u010daju koji je&hellip;<\/p>\n","protected":false},"author":1,"featured_media":316,"comment_status":"closed","ping_status":"closed","sticky":false,"template":"","format":"standard","meta":{"_monsterinsights_skip_tracking":false,"_monsterinsights_sitenote_active":false,"_monsterinsights_sitenote_note":"","_monsterinsights_sitenote_category":0,"ngg_post_thumbnail":0,"footnotes":""},"categories":[3],"tags":[],"class_list":["post-1778","post","type-post","status-publish","format-standard","has-post-thumbnail","hentry","category-natjecaji","category-3","description-off"],"aioseo_notices":[],"_links":{"self":[{"href":"https:\/\/dom-ilok.hr\/index.php?rest_route=\/wp\/v2\/posts\/1778","targetHints":{"allow":["GET"]}}],"collection":[{"href":"https:\/\/dom-ilok.hr\/index.php?rest_route=\/wp\/v2\/posts"}],"about":[{"href":"https:\/\/dom-ilok.hr\/index.php?rest_route=\/wp\/v2\/types\/post"}],"author":[{"embeddable":true,"href":"https:\/\/dom-ilok.hr\/index.php?rest_route=\/wp\/v2\/users\/1"}],"replies":[{"embeddable":true,"href":"https:\/\/dom-ilok.hr\/index.php?rest_route=%2Fwp%2Fv2%2Fcomments&post=1778"}],"version-history":[{"count":2,"href":"https:\/\/dom-ilok.hr\/index.php?rest_route=\/wp\/v2\/posts\/1778\/revisions"}],"predecessor-version":[{"id":1781,"href":"https:\/\/dom-ilok.hr\/index.php?rest_route=\/wp\/v2\/posts\/1778\/revisions\/1781"}],"wp:featuredmedia":[{"embeddable":true,"href":"https:\/\/dom-ilok.hr\/index.php?rest_route=\/wp\/v2\/media\/316"}],"wp:attachment":[{"href":"https:\/\/dom-ilok.hr\/index.php?rest_route=%2Fwp%2Fv2%2Fmedia&parent=1778"}],"wp:term":[{"taxonomy":"category","embeddable":true,"href":"https:\/\/dom-ilok.hr\/index.php?rest_route=%2Fwp%2Fv2%2Fcategories&post=1778"},{"taxonomy":"post_tag","embeddable":true,"href":"https:\/\/dom-ilok.hr\/index.php?rest_route=%2Fwp%2Fv2%2Ftags&post=1778"}],"curies":[{"name":"wp","href":"https:\/\/api.w.org\/{rel}","templated":true}]}}