{"id":1772,"date":"2018-07-25T11:56:49","date_gmt":"2018-07-25T09:56:49","guid":{"rendered":"http:\/\/dom-ilok.hr\/?p=1772"},"modified":"2018-07-25T11:58:24","modified_gmt":"2018-07-25T09:58:24","slug":"poziv-provjera-znanja-i-sposobnosti","status":"publish","type":"post","link":"https:\/\/dom-ilok.hr\/?p=1772","title":{"rendered":"Poziv na prethodnu provjeru znanja i sposobnosti"},"content":{"rendered":"<p class=\"Standard\" style=\"text-align: left;\" align=\"center\">POZIV NA PRETHODNU PROVJERU ZNANJA I SPOSOBNOSTI<\/p>\n<p align=\"center\">&nbsp;<\/p>\n<p style=\"text-align: center;\">1.<\/p>\n<p style=\"text-align: justify;\">I Povjerenstvo je utvrdilo da provjeru pisanim testiranjem znanja i prakti\u010dnom provjerom sposobnosti za <strong>radno mjesto njegovatelj\/ica<\/strong> mogu pristupiti 2 kandidata i to:<\/p>\n<ol>\n<li style=\"text-align: justify;\">Ivona Bo\u0161njak, Ilok<\/li>\n<li style=\"text-align: justify;\">Branimir Vrbanac, Ilok<\/li>\n<\/ol>\n<p style=\"text-align: justify;\">II Pisano testiranje znanja za radno mjesto njegovatelj\/ica provesti \u0107e se 31.07.2018.g. (utorak) u 8,00 sati u prostorijama Doma.<\/p>\n<p>III Prakti\u010dna provjera sposobnosti za radno mjesto njegovatelj\/ica za kandidata Ivonu Bo\u0161njak provesti \u0107e se 31.07.2018.g. (utorak) u 11,00 sati na odjelu zdravstvene poja\u010dane njege korisnika Doma.<\/p>\n<p style=\"text-align: justify;\">IV Prakti\u010dna provjera sposobnosti za radno mjesto njegovatelj\/ica za kandidata Branimira Vrbanac provesti \u0107e se 31.07.2018.g. (utorak) u 12,30 sati na odjelu zdravstvene, poja\u010dane njege korisnika Doma.<\/p>\n<p style=\"text-align: justify;\">Na testiranje je potrebno ponijeti osobnu iskaznicu ili putovnicu.<\/p>\n<p style=\"text-align: center;\">2.<\/p>\n<p style=\"text-align: justify;\">I Povjerenstvo je utvrdilo da provjeru pisanim testiranjem znanja i prakti\u010dnom provjerom sposobnosti za <strong>radno mjesto kuhar\/ica<\/strong> mogu pristupiti 2 kandidata i to:<\/p>\n<ol>\n<li style=\"text-align: justify;\">Goran Popovi\u0107, Mohovo<\/li>\n<li style=\"text-align: justify;\">Vanja Palijan, Lovas<\/li>\n<\/ol>\n<p style=\"text-align: justify;\">II Pisano testiranje znanja za radno mjesto kuhar\/ica provesti \u0107e se 31.07.2018.g. (utorak) u 8,00 sati u prostorijama Doma.<\/p>\n<p style=\"text-align: justify;\">III Prakti\u010dna provjera sposobnosti za radno mjesto kuhar\/ica za kandidate provesti \u0107e se 31.07.2018.g. (utorak) u 9,00 sati u kuhinji Doma.<\/p>\n<p style=\"text-align: justify;\">Na testiranje je potrebno ponijeti osobnu iskaznicu ili putovnicu.<\/p>\n<p style=\"text-align: center;\">3.<\/p>\n<p style=\"text-align: justify;\">I Povjerenstvo je utvrdilo da provjeru pisanim testiranjem znanja za <strong>radno mjesto \u010dista\u010d\/ica<\/strong> mogu pristupiti 5 kandidata i to:<\/p>\n<ol>\n<li style=\"text-align: justify;\">Vlatka Jani\u010dek, Ilok<\/li>\n<li style=\"text-align: justify;\">Marina Ba\u0111ikovi\u0107, Bapska<\/li>\n<li style=\"text-align: justify;\">Verica Cimbal, Ilok<\/li>\n<li style=\"text-align: justify;\">Marina Momirovi\u0107, Ilok<\/li>\n<li style=\"text-align: justify;\">Biljana Zovko, Ilok<\/li>\n<\/ol>\n<p style=\"text-align: justify;\">II Pisano testiranje znanja za radno mjesto \u010dista\u010d\/ica provesti \u0107e se 31.07.2018.g. (utorak) u 8,00 sati u prostorijama Doma.<\/p>\n<p>Na testiranje je potrebno ponijeti osobnu iskaznicu ili putovnicu.<\/p>\n<p style=\"text-align: right;\">PREDSJEDNIK POVJERENSTVA:<br \/>\nDarija Salopek, gl.med.sestra<\/p>\n<p><span style=\"text-decoration: underline; color: #3366ff;\"><em><a style=\"color: #3366ff; text-decoration: underline;\" href=\"http:\/\/dom-ilok.hr\/wp-content\/uploads\/2018\/07\/Poziv-provjera-znanja-i-sposobnosti.pdf\" target=\"_blank\" rel=\"noopener\">Poziv &#8211; provjera znanja i sposobnosti<\/a><\/em><\/span>&nbsp;(pdf)<\/p>\n","protected":false},"excerpt":{"rendered":"<p>POZIV NA PRETHODNU PROVJERU ZNANJA I SPOSOBNOSTI &nbsp; 1. I Povjerenstvo je utvrdilo da provjeru pisanim testiranjem znanja i prakti\u010dnom provjerom sposobnosti za radno mjesto njegovatelj\/ica mogu pristupiti 2 kandidata i to: Ivona Bo\u0161njak, Ilok Branimir Vrbanac, Ilok II Pisano testiranje znanja za radno mjesto njegovatelj\/ica provesti \u0107e se 31.07.2018.g. (utorak) u 8,00 sati u&hellip;<\/p>\n","protected":false},"author":1,"featured_media":319,"comment_status":"closed","ping_status":"closed","sticky":false,"template":"","format":"standard","meta":{"_monsterinsights_skip_tracking":false,"_monsterinsights_sitenote_active":false,"_monsterinsights_sitenote_note":"","_monsterinsights_sitenote_category":0,"ngg_post_thumbnail":0,"footnotes":""},"categories":[3],"tags":[],"class_list":["post-1772","post","type-post","status-publish","format-standard","has-post-thumbnail","hentry","category-natjecaji","category-3","description-off"],"aioseo_notices":[],"_links":{"self":[{"href":"https:\/\/dom-ilok.hr\/index.php?rest_route=\/wp\/v2\/posts\/1772","targetHints":{"allow":["GET"]}}],"collection":[{"href":"https:\/\/dom-ilok.hr\/index.php?rest_route=\/wp\/v2\/posts"}],"about":[{"href":"https:\/\/dom-ilok.hr\/index.php?rest_route=\/wp\/v2\/types\/post"}],"author":[{"embeddable":true,"href":"https:\/\/dom-ilok.hr\/index.php?rest_route=\/wp\/v2\/users\/1"}],"replies":[{"embeddable":true,"href":"https:\/\/dom-ilok.hr\/index.php?rest_route=%2Fwp%2Fv2%2Fcomments&post=1772"}],"version-history":[{"count":3,"href":"https:\/\/dom-ilok.hr\/index.php?rest_route=\/wp\/v2\/posts\/1772\/revisions"}],"predecessor-version":[{"id":1776,"href":"https:\/\/dom-ilok.hr\/index.php?rest_route=\/wp\/v2\/posts\/1772\/revisions\/1776"}],"wp:featuredmedia":[{"embeddable":true,"href":"https:\/\/dom-ilok.hr\/index.php?rest_route=\/wp\/v2\/media\/319"}],"wp:attachment":[{"href":"https:\/\/dom-ilok.hr\/index.php?rest_route=%2Fwp%2Fv2%2Fmedia&parent=1772"}],"wp:term":[{"taxonomy":"category","embeddable":true,"href":"https:\/\/dom-ilok.hr\/index.php?rest_route=%2Fwp%2Fv2%2Fcategories&post=1772"},{"taxonomy":"post_tag","embeddable":true,"href":"https:\/\/dom-ilok.hr\/index.php?rest_route=%2Fwp%2Fv2%2Ftags&post=1772"}],"curies":[{"name":"wp","href":"https:\/\/api.w.org\/{rel}","templated":true}]}}