{"id":1761,"date":"2018-07-06T08:00:04","date_gmt":"2018-07-06T06:00:04","guid":{"rendered":"http:\/\/dom-ilok.hr\/?p=1761"},"modified":"2018-07-05T14:59:07","modified_gmt":"2018-07-05T12:59:07","slug":"natjecaji-za-prijem-u-radni-odnos-njegovatelj-ica-cistac-ica-kuhar-ica","status":"publish","type":"post","link":"https:\/\/dom-ilok.hr\/?p=1761","title":{"rendered":"Natje\u010daji za prijem u radni odnos (njegovatelj\/ica, \u010dista\u010d\/ica, kuhar\/ica)"},"content":{"rendered":"<p style=\"text-align: justify;\">Na temelju \u010dl. 33. Statua Doma, Odluke Upravnog vije\u0107a Doma za starije i nemo\u0107ne osobe Ilok i Suglasnosti Vukovarsko-srijemske \u017eupanije, ravnateljica Doma za starije i nemo\u0107ne osobe Ilok sa sjedi\u0161tem u Iloku, Sofija 2 raspisuje<\/p>\n<p>&nbsp;<\/p>\n<p style=\"text-align: center;\"><strong>NATJE\u010cAJ<\/strong><\/p>\n<p style=\"text-align: center;\"><strong>&#8211; Za prijam u radni odnos<\/strong><\/p>\n<p>&nbsp;<\/p>\n<p><strong>1. NJEGOVATELJ\/ICA \u2013 2 izvr\u0161itelja na neodre\u0111eno, puno radno vrijeme<\/strong><\/p>\n<p><em>UVJETI :<\/em><\/p>\n<ul>\n<li>PKV, osnovna \u0161kola<\/li>\n<li>zavr\u0161eno osposobljavanje za njegovatelja\/icu<\/li>\n<li>najmanje jedna godina radnog iskustva<\/li>\n<li>polo\u017een voza\u010dki ispit B kategorije<\/li>\n<\/ul>\n<p><em>1.1. Uz pisanu prijavu na natje\u010daj kandidati su du\u017eni prilo\u017eiti :<\/em><\/p>\n<ul>\n<li>\u017eivotopis<\/li>\n<li>dokaz o hrvatskom dr\u017eavljanstvu<\/li>\n<li>dokaz o zavr\u0161enoj osnovnoj \u0161koli<\/li>\n<li>uvjerenje o osposobljavanju za njegovatelja\/icu<\/li>\n<li>dokaz o radnom iskustvu na odgovaraju\u0107im poslovima<\/li>\n<li>potvrda o neka\u017enjavanju ( original ne starije od 1 mjesec)<\/li>\n<li>dokaz o radnom sta\u017eu \u2013 elektroni\u010dki zapis HZMO<\/li>\n<\/ul>\n<p><strong><br \/>\n2. \u010cISTA\u010c\/ICA \u2013 1 izvr\u0161itelj na neodre\u0111eno, puno radno vrijeme<\/strong><\/p>\n<p>UVJETI :<\/p>\n<ul>\n<li>NKV, osnovna \u0161kola<\/li>\n<\/ul>\n<p>2.1. Uz pisanu prijavu na natje\u010daj kandidati su du\u017eni prilo\u017eiti :<\/p>\n<ul>\n<li>\u017eivotopis<\/li>\n<li>dokaz o hrvatskom dr\u017eavljanstvu<\/li>\n<li>dokaz o zavr\u0161enoj osnovnoj \u0161koli<\/li>\n<li>potvrda o neka\u017enjavanju ( original ne starije od 1 mjesec)<\/li>\n<li>dokaz o radnom sta\u017eu \u2013 elektroni\u010dki zapis HZMO<\/li>\n<\/ul>\n<p><strong><br \/>\n3. KUHAR\/ICA \u2013 1 izvr\u0161itelj na neodre\u0111eno, puno radno vrijeme<\/strong><\/p>\n<p>UVJETI :<\/p>\n<ul>\n<li>zavr\u0161ena srednja \u0161kola, KV<\/li>\n<li>najmanje jedna godina radnog iskustva na odgovaraju\u0107im poslovima<\/li>\n<\/ul>\n<p>3.1. Uz pisanu prijavu na natje\u010daj kandidati su du\u017eni prilo\u017eiti :<\/p>\n<ul>\n<li>\u017eivotopis<\/li>\n<li>dokaz o hrvatskom dr\u017eavljanstvu<\/li>\n<li>dokaz o zavr\u0161enoj srednjoj stru\u010dnoj spremi ugostiteljske struke &#8211; kuhar<\/li>\n<li>potvrda o neka\u017enjavanju ( original ne starije od 1 mjesec)<\/li>\n<li>dokaz o radnom sta\u017eu \u2013 elektroni\u010dki zapis HZMO<\/li>\n<\/ul>\n<p><span style=\"color: #ffffff;\">_<\/span><\/p>\n<p style=\"text-align: justify;\">U radni odnos ne mo\u017ee biti primljena osoba za \u010diji prijem postoje zapreke iz odredbe \u010dl. 213. Zakona o socijalnoj skrbi (NN 157\/13, 152\/14, 99\/15, 52\/16 i 16\/17).<\/p>\n<p style=\"text-align: justify;\">Na natje\u010daj se mogu prijaviti osobe obaju spolova.<\/p>\n<p style=\"text-align: justify;\">Kandidatom prijavljenim na natje\u010daj smatra se osoba koja podnese pravovremenu i urednu prijavu te ispunjava formalne uvjete iz natje\u010daja.<br \/>\nPrijava na natje\u010daj s dokazima o ispunjavanju uvjeta dostavlja se u roku od 8 dana od objave natje\u010daja u Narodnim novinama, na adresu : Dom za starije i nemo\u0107ne osobe Ilok,<br \/>\nIlok, Sofija 2, s naznakom :<\/p>\n<ul style=\"text-align: justify;\">\n<li>&#8220;Natje\u010daj za radno mjesto -njegovatelj\/ica &#8211; ne otvaraj&#8221;<\/li>\n<li>&#8220;Natje\u010daj za radno mjesto -\u010dista\u010d\/ica \u2013 ne otvaraj&#8221;<\/li>\n<li>&#8220;Natje\u010daj za radno mjesto -kuhar -ne otvaraj&#8221;.<\/li>\n<\/ul>\n<p style=\"text-align: justify;\">Nepravovremene i nepotpune prijave ne\u0107e se razmatrati.<\/p>\n<p style=\"text-align: justify;\">Osobe koje prema posebnim propisima ostvaruju pravo prednosti, moraju se u prijavi pozvati na to pravo, odnosno uz prijavu prilo\u017eiti svu propisanu dokumentaciju prema posebnom zakonu.<br \/>\nKandidat\/kinja koji\/a mo\u017ee ostvariti pravo prednosti kod prijama u dr\u017eavnu slu\u017ebu sukladno \u010dl. 101. Zakona o hrvatskim braniteljima iz Domovinskog rata i \u010dlanovima njihovih obitelji (NN 121\/17), \u010dl. 48.f Zakona o za\u0161titi vojnih i civilnih invalida rata (NN 33\/92, 27\/93, 58\/93, 2\/94, 76\/94, 108\/95, 108\/96, 82\/01, 103\/03 i 148\/13), \u010dl. 9. Zakona o profesionalnoj rehabilitaciji i zapo\u0161ljavanju osoba s invaliditetom (NN 157\/13 i 152\/14) i \u010dl. 22. Ustavnog zakona o pravima nacionalnih manjina (NN 155\/02, 47\/10, 80\/10, i 93\/11), du\u017ean\/a se u prijavi na javni natje\u010daj pozvati na to pravo te ima prednost u odnosu na ostale kandidate samo pod jednakim uvjetima.<br \/>\nKandidat\/kinja koji\/a se poziva na pravo prednosti pri zapo\u0161ljavanju u skladu s \u010dl. 101. Zakona o hrvatskim braniteljima iz Domovinskog rata i \u010dlanovima njihovih obitelji uz prijavu na natje\u010daj du\u017ean\/a je prilo\u017eiti, osima dokaza o ispunjavanju tra\u017eenih uvjeta i sve potrebne dokaze dostupne na poveznici Ministarstva hrvatskih branitelja : https:\/branitelji.gov.hr\/zaposljavanje-843\/843.<br \/>\nKandidat\/kinja koji\/a se poziva na pravo prednosti pri zapo\u0161ljavanju u skladu s \u010dl. 9. Zakona o profesionalnoj rehabilitaciji i zapo\u0161ljavanju osoba s invaliditetom uz prijavu na natje\u010daj du\u017ean\/a je, osima dokaza o ispunjavanju tra\u017eenih uvjeta, prilo\u017eiti i dokaz o utvr\u0111enom statusu osobe s invaliditetom.<br \/>\nKandidat\/kinja koji\/a se poziva na pravo prednosti pri zapo\u0161ljavanju u skladu s \u010dl. 22. Ustavnog zakona o pravima nacionalnih manjina uz prijavu na natje\u010daj, osim dokaza o ispunjavanju tra\u017eenih uvjeta, nije du\u017ean\/a dokazivati svoj status pripadnika nacionalne manjine.<\/p>\n<p style=\"text-align: justify;\">O rezultatima izbora kandidati\/kinje \u0107e biti pismeno obavije\u0161teni o izboru u roku od 45 dana od isteka roka za podno\u0161enje prijave.<br \/>\nZa kandidate prijavljene na javni natje\u010daj koji ispunjavaju formalne uvjete provest \u0107e se testiranje radi provjere znanja i sposobnosti pisanim testiranjem i prakti\u010dnom provjerom.<br \/>\nNa web stranici Doma za starije i nemo\u0107ne osobe Ilok (www.dom-ilok.hr) biti \u0107e dostupan na\u010din obavljanja prethodne provjere znanja i sposobnosti kandidata koji ispunjavaju formalne uvjete iz javnog natje\u010daja.<br \/>\nPovjerenstvo za provedbu natje\u010daja utvrdit \u0107e listu kandidata koji ispunjavaju formalne uvjete iz natje\u010daja te \u0107e na istoj web stranici objaviti mjesto i vrijeme odr\u017eavanja prethodne provjere znanja i sposobnosti kandidata, najmanje pet dana prije odr\u017eavanja provjere.<\/p>\n<p style=\"text-align: justify;\">Ako kandidat ne pristupi testiranju, smatra se da je povukao prijavu na javni natje\u010daj.<\/p>\n<p><a href=\"http:\/\/dom-ilok.hr\/wp-content\/uploads\/2018\/07\/Objava-raspisivanja-natjecaja-za-prijam-u-radni-odnos.pdf\" target=\"_blank\" rel=\"noopener\"><span style=\"text-decoration: underline; color: #3366ff;\"><em>Objava raspisivanja natjecaja za prijam u radni odnos<\/em><\/span><\/a>&nbsp;(pdf)<\/p>\n<p><a href=\"http:\/\/dom-ilok.hr\/wp-content\/uploads\/2018\/07\/ODLUKA-imenovanje-Povjerenstva.pdf\" target=\"_blank\" rel=\"noopener\"><span style=\"text-decoration: underline; color: #3366ff;\"><em>ODLUKA -imenovanje Povjerenstva<\/em><\/span><\/a>&nbsp;(pdf)<\/p>\n<p><strong>Upute za kandidate<\/strong><\/p>\n<p><span style=\"text-decoration: underline; color: #3366ff;\"><em><a style=\"color: #3366ff; text-decoration: underline;\" href=\"http:\/\/dom-ilok.hr\/wp-content\/uploads\/2018\/07\/UPUTE-ZA-KANDIDATE-njegovatelji.pdf\" target=\"_blank\" rel=\"noopener\">UPUTE ZA KANDIDATE-njegovatelji<\/a><\/em><\/span>&nbsp;(pdf)<\/p>\n<p><span style=\"text-decoration: underline; color: #3366ff;\"><em><a style=\"color: #3366ff; text-decoration: underline;\" href=\"http:\/\/dom-ilok.hr\/wp-content\/uploads\/2018\/07\/UPUTE-ZA-KANDIDATE-cistacica.pdf\" target=\"_blank\" rel=\"noopener\">UPUTE ZA KANDIDATE-cistacica<\/a><\/em><\/span>&nbsp;(pdf)<\/p>\n<p><span style=\"text-decoration: underline; color: #3366ff;\"><em><a style=\"color: #3366ff; text-decoration: underline;\" href=\"http:\/\/dom-ilok.hr\/wp-content\/uploads\/2018\/07\/UPUTE-ZA-KANDIDATE-kuhar.pdf\" target=\"_blank\" rel=\"noopener\">UPUTE ZA KANDIDATE-kuhar<\/a><\/em><\/span>&nbsp;(pdf)<\/p>\n<p>&nbsp;<\/p>\n<p style=\"text-align: right;\">Dom za starije i nemo\u0107ne osobe Ilok<\/p>\n","protected":false},"excerpt":{"rendered":"<p>Na temelju \u010dl. 33. Statua Doma, Odluke Upravnog vije\u0107a Doma za starije i nemo\u0107ne osobe Ilok i Suglasnosti Vukovarsko-srijemske \u017eupanije, ravnateljica Doma za starije i nemo\u0107ne osobe Ilok sa sjedi\u0161tem u Iloku, Sofija 2 raspisuje &nbsp; NATJE\u010cAJ &#8211; Za prijam u radni odnos &nbsp; 1. NJEGOVATELJ\/ICA \u2013 2 izvr\u0161itelja na neodre\u0111eno, puno radno vrijeme UVJETI&hellip;<\/p>\n","protected":false},"author":1,"featured_media":316,"comment_status":"closed","ping_status":"closed","sticky":false,"template":"","format":"standard","meta":{"_monsterinsights_skip_tracking":false,"_monsterinsights_sitenote_active":false,"_monsterinsights_sitenote_note":"","_monsterinsights_sitenote_category":0,"ngg_post_thumbnail":0,"footnotes":""},"categories":[3],"tags":[],"class_list":["post-1761","post","type-post","status-publish","format-standard","has-post-thumbnail","hentry","category-natjecaji","category-3","description-off"],"aioseo_notices":[],"_links":{"self":[{"href":"https:\/\/dom-ilok.hr\/index.php?rest_route=\/wp\/v2\/posts\/1761","targetHints":{"allow":["GET"]}}],"collection":[{"href":"https:\/\/dom-ilok.hr\/index.php?rest_route=\/wp\/v2\/posts"}],"about":[{"href":"https:\/\/dom-ilok.hr\/index.php?rest_route=\/wp\/v2\/types\/post"}],"author":[{"embeddable":true,"href":"https:\/\/dom-ilok.hr\/index.php?rest_route=\/wp\/v2\/users\/1"}],"replies":[{"embeddable":true,"href":"https:\/\/dom-ilok.hr\/index.php?rest_route=%2Fwp%2Fv2%2Fcomments&post=1761"}],"version-history":[{"count":2,"href":"https:\/\/dom-ilok.hr\/index.php?rest_route=\/wp\/v2\/posts\/1761\/revisions"}],"predecessor-version":[{"id":1768,"href":"https:\/\/dom-ilok.hr\/index.php?rest_route=\/wp\/v2\/posts\/1761\/revisions\/1768"}],"wp:featuredmedia":[{"embeddable":true,"href":"https:\/\/dom-ilok.hr\/index.php?rest_route=\/wp\/v2\/media\/316"}],"wp:attachment":[{"href":"https:\/\/dom-ilok.hr\/index.php?rest_route=%2Fwp%2Fv2%2Fmedia&parent=1761"}],"wp:term":[{"taxonomy":"category","embeddable":true,"href":"https:\/\/dom-ilok.hr\/index.php?rest_route=%2Fwp%2Fv2%2Fcategories&post=1761"},{"taxonomy":"post_tag","embeddable":true,"href":"https:\/\/dom-ilok.hr\/index.php?rest_route=%2Fwp%2Fv2%2Ftags&post=1761"}],"curies":[{"name":"wp","href":"https:\/\/api.w.org\/{rel}","templated":true}]}}